{"id":1547,"date":"2023-01-18T19:21:52","date_gmt":"2023-01-18T19:21:52","guid":{"rendered":"http:\/\/fetracomdf.com.br\/site\/?p=1546"},"modified":"2023-04-14T13:51:42","modified_gmt":"2023-04-14T13:51:42","slug":"em-encontro-com-sindicalistas-lula-anuncia-retomada-do-dialogo-com-a-classe","status":"publish","type":"post","link":"https:\/\/fetracomdf.com.br\/site\/em-encontro-com-sindicalistas-lula-anuncia-retomada-do-dialogo-com-a-classe\/","title":{"rendered":"Em encontro com sindicalistas, Lula anuncia retomada do di\u00e1logo com a classe trabalhadora"},"content":{"rendered":"<p>Ap\u00f3s um per\u00edodo sombrio na hist\u00f3ria do pa\u00eds, os trabalhadores e trabalhadoras foram, finalmente, reinseridos nos espa\u00e7os de poder e decis\u00e3o. Essa certeza se refor\u00e7ou durante reuni\u00e3o com o presidente da Rep\u00fablica, Luiz In\u00e1cio Lula da Silva, que reabriu as portas do Pal\u00e1cio do Planalto para os representantes da classe trabalhadora, na manh\u00e3 dessa quarta-feira (18).<\/p>\n<p>A atividade, que tamb\u00e9m contou com a presen\u00e7a dos ministros do Trabalho e Emprego, Luiz Marinho, e da Casa Civil, Rui Costa, reuniu sindicalistas dos mais diversos ramos e serviu para refor\u00e7ar a confian\u00e7a entre o governo e o povo que o elegeu.<\/p>\n<p>O vice-presidente da Federa\u00e7\u00e3o dos Trabalhadores no Com\u00e9rcio e no Setor de Servi\u00e7os do DF (Fetracom-DF), Felipe Ara\u00fajo, participou da reuni\u00e3o e disse da import\u00e2ncia do encontro.<\/p>\n<p>\u201cDurante os \u00faltimos sete anos, nos governos Temer e Bolsonaro, os trabalhadores e trabalhadoras deixaram de ser ouvidos e sofreram todos os tipos de ataques. Como resultado, perdemos direitos hist\u00f3ricos. Agora, \u00e9 com grande al\u00edvio que retomamos nosso lugar de fala junto a um governo que reconhece a import\u00e2ncia da classe trabalhadoras para o desenvolvimento do pa\u00eds\u201d, disse o dirigente.<\/p>\n<p>No evento, Lula anunciou a cria\u00e7\u00e3o de um grupo de trabalho para debater uma pol\u00edtica permanente de valoriza\u00e7\u00e3o do sal\u00e1rio m\u00ednimo e reafirmou que trabalhar\u00e1 duro para cumprir todos os compromissos assumidos durante sua campanha.<\/p>\n<p>\u201cSe n\u00e3o for para a gente melhorar a vida do povo trabalhador, acabar com a fome desse pa\u00eds e permitir que as pessoas sejam cidad\u00e3os, nem estaria aqui\u201d, disse.<\/p>\n<p>O documento que cria o GT foi assinado ap\u00f3s a reuni\u00e3o. Agora, haver\u00e1 um prazo de 45 dias para que o governo formule e apresente uma proposta permanente de valoriza\u00e7\u00e3o do sal\u00e1rio m\u00ednimo, podendo o prazo ser renovado por um mesmo per\u00edodo.<\/p>\n<p>Paralelo a isso, a previs\u00e3o \u00e9 que sejam organizados mais dois grupos. Um ser\u00e1 respons\u00e1vel por discutir a import\u00e2ncia e a valoriza\u00e7\u00e3o da participa\u00e7\u00e3o do movimento sindical nas negocia\u00e7\u00f5es coletivas de trabalho. O outro, a regulamenta\u00e7\u00e3o dos trabalhadores e trabalhadoras do segmento de aplicativos.<\/p>\n<p>Temas como combate \u00e0 fome, pobreza e \u00e0s pr\u00e1ticas antissindicais, igualdade nas rela\u00e7\u00f5es de trabalho, corre\u00e7\u00e3o da tabela do Imposto de Renda, bem como a import\u00e2ncia da reconstru\u00e7\u00e3o do Minist\u00e9rio do Trabalho, tamb\u00e9m foram levantados no debate.<\/p>\n<p>Al\u00e9m do vice-presidente da Fetracom-DF, diversos dirigentes do ramo do Com\u00e9rcio e Servi\u00e7os participaram do encontro. Entre eles, o presidente da Contracs-CUT, Julimar Roberto; a secret\u00e1ria-geral do Sindicom-DF, Geralda Godinho, e o primeiro secret\u00e1rio da Fetracom-DF e secret\u00e1rio de Finan\u00e7as da CUT-DF, Washington Neves.<\/p>\n","protected":false},"excerpt":{"rendered":"<p>Ap\u00f3s um per\u00edodo sombrio na hist\u00f3ria do pa\u00eds, os trabalhadores e trabalhadoras foram, finalmente, reinseridos nos espa\u00e7os de poder e decis\u00e3o. Essa certeza se refor\u00e7ou durante reuni\u00e3o com o presidente da Rep\u00fablica, Luiz In\u00e1cio Lula da Silva, que reabriu as portas do Pal\u00e1cio do Planalto para os representantes da classe trabalhadora, na manh\u00e3 dessa quarta-feira [&hellip;]<\/p>\n","protected":false},"author":2,"featured_media":1896,"comment_status":"open","ping_status":"open","sticky":false,"template":"","format":"standard","meta":{"footnotes":""},"categories":[212,28],"tags":[73],"class_list":{"0":"post-1547","1":"post","2":"type-post","3":"status-publish","4":"format-standard","5":"has-post-thumbnail","7":"category-feliz-brasil-novo","8":"category-luta-sindical","9":"tag-destaque"},"yoast_head":"<!-- This site is optimized with the Yoast SEO plugin v22.5 - https:\/\/yoast.com\/wordpress\/plugins\/seo\/ -->\n<title>Em encontro com sindicalistas, Lula anuncia retomada do di\u00e1logo com a classe trabalhadora - FETRACOM-DF<\/title>\n<meta name=\"robots\" content=\"index, follow, max-snippet:-1, max-image-preview:large, max-video-preview:-1\" \/>\n<link rel=\"canonical\" href=\"https:\/\/fetracomdf.com.br\/site\/em-encontro-com-sindicalistas-lula-anuncia-retomada-do-dialogo-com-a-classe\/\" \/>\n<meta property=\"og:locale\" content=\"pt_PT\" \/>\n<meta property=\"og:type\" content=\"article\" \/>\n<meta property=\"og:title\" content=\"Em encontro com sindicalistas, Lula anuncia retomada do di\u00e1logo com a classe trabalhadora - FETRACOM-DF\" \/>\n<meta property=\"og:description\" content=\"Ap\u00f3s um per\u00edodo sombrio na hist\u00f3ria do pa\u00eds, os trabalhadores e trabalhadoras foram, finalmente, reinseridos nos espa\u00e7os de poder e decis\u00e3o. Essa certeza se refor\u00e7ou durante reuni\u00e3o com o presidente da Rep\u00fablica, Luiz In\u00e1cio Lula da Silva, que reabriu as portas do Pal\u00e1cio do Planalto para os representantes da classe trabalhadora, na manh\u00e3 dessa quarta-feira [&hellip;]\" \/>\n<meta property=\"og:url\" content=\"https:\/\/fetracomdf.com.br\/site\/em-encontro-com-sindicalistas-lula-anuncia-retomada-do-dialogo-com-a-classe\/\" \/>\n<meta property=\"og:site_name\" content=\"FETRACOM-DF\" \/>\n<meta property=\"article:published_time\" content=\"2023-01-18T19:21:52+00:00\" \/>\n<meta property=\"article:modified_time\" content=\"2023-04-14T13:51:42+00:00\" \/>\n<meta property=\"og:image\" content=\"https:\/\/fetracomdf.com.br\/site\/wp-content\/uploads\/2023\/01\/img2.jpg\" \/>\n\t<meta property=\"og:image:width\" content=\"740\" \/>\n\t<meta property=\"og:image:height\" content=\"469\" \/>\n\t<meta property=\"og:image:type\" content=\"image\/jpeg\" \/>\n<meta name=\"author\" content=\"FETRACOM-DF\" \/>\n<meta name=\"twitter:card\" content=\"summary_large_image\" \/>\n<meta name=\"twitter:label1\" content=\"Escrito por\" \/>\n\t<meta name=\"twitter:data1\" content=\"FETRACOM-DF\" \/>\n\t<meta name=\"twitter:label2\" content=\"Tempo estimado de leitura\" \/>\n\t<meta name=\"twitter:data2\" content=\"2 minutos\" \/>\n<script type=\"application\/ld+json\" class=\"yoast-schema-graph\">{\"@context\":\"https:\/\/schema.org\",\"@graph\":[{\"@type\":\"WebPage\",\"@id\":\"https:\/\/fetracomdf.com.br\/site\/em-encontro-com-sindicalistas-lula-anuncia-retomada-do-dialogo-com-a-classe\/\",\"url\":\"https:\/\/fetracomdf.com.br\/site\/em-encontro-com-sindicalistas-lula-anuncia-retomada-do-dialogo-com-a-classe\/\",\"name\":\"Em encontro com sindicalistas, Lula anuncia retomada do di\u00e1logo com a classe trabalhadora - FETRACOM-DF\",\"isPartOf\":{\"@id\":\"https:\/\/fetracomdf.com.br\/site\/#website\"},\"primaryImageOfPage\":{\"@id\":\"https:\/\/fetracomdf.com.br\/site\/em-encontro-com-sindicalistas-lula-anuncia-retomada-do-dialogo-com-a-classe\/#primaryimage\"},\"image\":{\"@id\":\"https:\/\/fetracomdf.com.br\/site\/em-encontro-com-sindicalistas-lula-anuncia-retomada-do-dialogo-com-a-classe\/#primaryimage\"},\"thumbnailUrl\":\"https:\/\/fetracomdf.com.br\/site\/wp-content\/uploads\/2023\/01\/img2.jpg\",\"datePublished\":\"2023-01-18T19:21:52+00:00\",\"dateModified\":\"2023-04-14T13:51:42+00:00\",\"author\":{\"@id\":\"https:\/\/fetracomdf.com.br\/site\/#\/schema\/person\/35554dfeaf9961b61a56171f7b19309a\"},\"breadcrumb\":{\"@id\":\"https:\/\/fetracomdf.com.br\/site\/em-encontro-com-sindicalistas-lula-anuncia-retomada-do-dialogo-com-a-classe\/#breadcrumb\"},\"inLanguage\":\"pt-PT\",\"potentialAction\":[{\"@type\":\"ReadAction\",\"target\":[\"https:\/\/fetracomdf.com.br\/site\/em-encontro-com-sindicalistas-lula-anuncia-retomada-do-dialogo-com-a-classe\/\"]}]},{\"@type\":\"ImageObject\",\"inLanguage\":\"pt-PT\",\"@id\":\"https:\/\/fetracomdf.com.br\/site\/em-encontro-com-sindicalistas-lula-anuncia-retomada-do-dialogo-com-a-classe\/#primaryimage\",\"url\":\"https:\/\/fetracomdf.com.br\/site\/wp-content\/uploads\/2023\/01\/img2.jpg\",\"contentUrl\":\"https:\/\/fetracomdf.com.br\/site\/wp-content\/uploads\/2023\/01\/img2.jpg\",\"width\":740,\"height\":469},{\"@type\":\"BreadcrumbList\",\"@id\":\"https:\/\/fetracomdf.com.br\/site\/em-encontro-com-sindicalistas-lula-anuncia-retomada-do-dialogo-com-a-classe\/#breadcrumb\",\"itemListElement\":[{\"@type\":\"ListItem\",\"position\":1,\"name\":\"In\u00edcio\",\"item\":\"https:\/\/fetracomdf.com.br\/site\/\"},{\"@type\":\"ListItem\",\"position\":2,\"name\":\"Em encontro com sindicalistas, Lula anuncia retomada do di\u00e1logo com a classe trabalhadora\"}]},{\"@type\":\"WebSite\",\"@id\":\"https:\/\/fetracomdf.com.br\/site\/#website\",\"url\":\"https:\/\/fetracomdf.com.br\/site\/\",\"name\":\"FETRACOM-DF\",\"description\":\"Federa\u00e7\u00e3o dos Trabalhadores no Com\u00e9rcio e Servi\u00e7os do DF\",\"potentialAction\":[{\"@type\":\"SearchAction\",\"target\":{\"@type\":\"EntryPoint\",\"urlTemplate\":\"https:\/\/fetracomdf.com.br\/site\/?s={search_term_string}\"},\"query-input\":\"required name=search_term_string\"}],\"inLanguage\":\"pt-PT\"},{\"@type\":\"Person\",\"@id\":\"https:\/\/fetracomdf.com.br\/site\/#\/schema\/person\/35554dfeaf9961b61a56171f7b19309a\",\"name\":\"FETRACOM-DF\",\"image\":{\"@type\":\"ImageObject\",\"inLanguage\":\"pt-PT\",\"@id\":\"https:\/\/fetracomdf.com.br\/site\/#\/schema\/person\/image\/\",\"url\":\"https:\/\/secure.gravatar.com\/avatar\/4a6f01e05b29b9a50f60d71d48947a25557f8f66dd2334bb41d707e1a794da71?s=96&d=mm&r=g\",\"contentUrl\":\"https:\/\/secure.gravatar.com\/avatar\/4a6f01e05b29b9a50f60d71d48947a25557f8f66dd2334bb41d707e1a794da71?s=96&d=mm&r=g\",\"caption\":\"FETRACOM-DF\"},\"url\":\"https:\/\/fetracomdf.com.br\/site\/author\/fetracom\/\"}]}<\/script>\n<!-- \/ Yoast SEO plugin. -->","yoast_head_json":{"title":"Em encontro com sindicalistas, Lula anuncia retomada do di\u00e1logo com a classe trabalhadora - FETRACOM-DF","robots":{"index":"index","follow":"follow","max-snippet":"max-snippet:-1","max-image-preview":"max-image-preview:large","max-video-preview":"max-video-preview:-1"},"canonical":"https:\/\/fetracomdf.com.br\/site\/em-encontro-com-sindicalistas-lula-anuncia-retomada-do-dialogo-com-a-classe\/","og_locale":"pt_PT","og_type":"article","og_title":"Em encontro com sindicalistas, Lula anuncia retomada do di\u00e1logo com a classe trabalhadora - FETRACOM-DF","og_description":"Ap\u00f3s um per\u00edodo sombrio na hist\u00f3ria do pa\u00eds, os trabalhadores e trabalhadoras foram, finalmente, reinseridos nos espa\u00e7os de poder e decis\u00e3o. Essa certeza se refor\u00e7ou durante reuni\u00e3o com o presidente da Rep\u00fablica, Luiz In\u00e1cio Lula da Silva, que reabriu as portas do Pal\u00e1cio do Planalto para os representantes da classe trabalhadora, na manh\u00e3 dessa quarta-feira [&hellip;]","og_url":"https:\/\/fetracomdf.com.br\/site\/em-encontro-com-sindicalistas-lula-anuncia-retomada-do-dialogo-com-a-classe\/","og_site_name":"FETRACOM-DF","article_published_time":"2023-01-18T19:21:52+00:00","article_modified_time":"2023-04-14T13:51:42+00:00","og_image":[{"width":740,"height":469,"url":"https:\/\/fetracomdf.com.br\/site\/wp-content\/uploads\/2023\/01\/img2.jpg","type":"image\/jpeg"}],"author":"FETRACOM-DF","twitter_card":"summary_large_image","twitter_misc":{"Escrito por":"FETRACOM-DF","Tempo estimado de leitura":"2 minutos"},"schema":{"@context":"https:\/\/schema.org","@graph":[{"@type":"WebPage","@id":"https:\/\/fetracomdf.com.br\/site\/em-encontro-com-sindicalistas-lula-anuncia-retomada-do-dialogo-com-a-classe\/","url":"https:\/\/fetracomdf.com.br\/site\/em-encontro-com-sindicalistas-lula-anuncia-retomada-do-dialogo-com-a-classe\/","name":"Em encontro com sindicalistas, Lula anuncia retomada do di\u00e1logo com a classe trabalhadora - FETRACOM-DF","isPartOf":{"@id":"https:\/\/fetracomdf.com.br\/site\/#website"},"primaryImageOfPage":{"@id":"https:\/\/fetracomdf.com.br\/site\/em-encontro-com-sindicalistas-lula-anuncia-retomada-do-dialogo-com-a-classe\/#primaryimage"},"image":{"@id":"https:\/\/fetracomdf.com.br\/site\/em-encontro-com-sindicalistas-lula-anuncia-retomada-do-dialogo-com-a-classe\/#primaryimage"},"thumbnailUrl":"https:\/\/fetracomdf.com.br\/site\/wp-content\/uploads\/2023\/01\/img2.jpg","datePublished":"2023-01-18T19:21:52+00:00","dateModified":"2023-04-14T13:51:42+00:00","author":{"@id":"https:\/\/fetracomdf.com.br\/site\/#\/schema\/person\/35554dfeaf9961b61a56171f7b19309a"},"breadcrumb":{"@id":"https:\/\/fetracomdf.com.br\/site\/em-encontro-com-sindicalistas-lula-anuncia-retomada-do-dialogo-com-a-classe\/#breadcrumb"},"inLanguage":"pt-PT","potentialAction":[{"@type":"ReadAction","target":["https:\/\/fetracomdf.com.br\/site\/em-encontro-com-sindicalistas-lula-anuncia-retomada-do-dialogo-com-a-classe\/"]}]},{"@type":"ImageObject","inLanguage":"pt-PT","@id":"https:\/\/fetracomdf.com.br\/site\/em-encontro-com-sindicalistas-lula-anuncia-retomada-do-dialogo-com-a-classe\/#primaryimage","url":"https:\/\/fetracomdf.com.br\/site\/wp-content\/uploads\/2023\/01\/img2.jpg","contentUrl":"https:\/\/fetracomdf.com.br\/site\/wp-content\/uploads\/2023\/01\/img2.jpg","width":740,"height":469},{"@type":"BreadcrumbList","@id":"https:\/\/fetracomdf.com.br\/site\/em-encontro-com-sindicalistas-lula-anuncia-retomada-do-dialogo-com-a-classe\/#breadcrumb","itemListElement":[{"@type":"ListItem","position":1,"name":"In\u00edcio","item":"https:\/\/fetracomdf.com.br\/site\/"},{"@type":"ListItem","position":2,"name":"Em encontro com sindicalistas, Lula anuncia retomada do di\u00e1logo com a classe trabalhadora"}]},{"@type":"WebSite","@id":"https:\/\/fetracomdf.com.br\/site\/#website","url":"https:\/\/fetracomdf.com.br\/site\/","name":"FETRACOM-DF","description":"Federa\u00e7\u00e3o dos Trabalhadores no Com\u00e9rcio e Servi\u00e7os do DF","potentialAction":[{"@type":"SearchAction","target":{"@type":"EntryPoint","urlTemplate":"https:\/\/fetracomdf.com.br\/site\/?s={search_term_string}"},"query-input":"required name=search_term_string"}],"inLanguage":"pt-PT"},{"@type":"Person","@id":"https:\/\/fetracomdf.com.br\/site\/#\/schema\/person\/35554dfeaf9961b61a56171f7b19309a","name":"FETRACOM-DF","image":{"@type":"ImageObject","inLanguage":"pt-PT","@id":"https:\/\/fetracomdf.com.br\/site\/#\/schema\/person\/image\/","url":"https:\/\/secure.gravatar.com\/avatar\/4a6f01e05b29b9a50f60d71d48947a25557f8f66dd2334bb41d707e1a794da71?s=96&d=mm&r=g","contentUrl":"https:\/\/secure.gravatar.com\/avatar\/4a6f01e05b29b9a50f60d71d48947a25557f8f66dd2334bb41d707e1a794da71?s=96&d=mm&r=g","caption":"FETRACOM-DF"},"url":"https:\/\/fetracomdf.com.br\/site\/author\/fetracom\/"}]}},"_links":{"self":[{"href":"https:\/\/fetracomdf.com.br\/site\/wp-json\/wp\/v2\/posts\/1547","targetHints":{"allow":["GET"]}}],"collection":[{"href":"https:\/\/fetracomdf.com.br\/site\/wp-json\/wp\/v2\/posts"}],"about":[{"href":"https:\/\/fetracomdf.com.br\/site\/wp-json\/wp\/v2\/types\/post"}],"author":[{"embeddable":true,"href":"https:\/\/fetracomdf.com.br\/site\/wp-json\/wp\/v2\/users\/2"}],"replies":[{"embeddable":true,"href":"https:\/\/fetracomdf.com.br\/site\/wp-json\/wp\/v2\/comments?post=1547"}],"version-history":[{"count":1,"href":"https:\/\/fetracomdf.com.br\/site\/wp-json\/wp\/v2\/posts\/1547\/revisions"}],"predecessor-version":[{"id":1895,"href":"https:\/\/fetracomdf.com.br\/site\/wp-json\/wp\/v2\/posts\/1547\/revisions\/1895"}],"wp:featuredmedia":[{"embeddable":true,"href":"https:\/\/fetracomdf.com.br\/site\/wp-json\/wp\/v2\/media\/1896"}],"wp:attachment":[{"href":"https:\/\/fetracomdf.com.br\/site\/wp-json\/wp\/v2\/media?parent=1547"}],"wp:term":[{"taxonomy":"category","embeddable":true,"href":"https:\/\/fetracomdf.com.br\/site\/wp-json\/wp\/v2\/categories?post=1547"},{"taxonomy":"post_tag","embeddable":true,"href":"https:\/\/fetracomdf.com.br\/site\/wp-json\/wp\/v2\/tags?post=1547"}],"curies":[{"name":"wp","href":"https:\/\/api.w.org\/{rel}","templated":true}]}}