{"id":1923,"date":"2023-01-14T19:06:10","date_gmt":"2023-01-14T19:06:10","guid":{"rendered":"https:\/\/canseideracao.com.br\/site\/?p=1923"},"modified":"2023-04-14T20:13:38","modified_gmt":"2023-04-14T20:13:38","slug":"fetracom-e-fecomercio-formalizam-cct-com-vigencia-ate-final-de-2023","status":"publish","type":"post","link":"https:\/\/fetracomdf.com.br\/site\/fetracom-e-fecomercio-formalizam-cct-com-vigencia-ate-final-de-2023\/","title":{"rendered":"Fetracom e Fecom\u00e9rcio formalizam CCT com vig\u00eancia at\u00e9 final de 2023"},"content":{"rendered":"<p>Nesta quarta (25), Fetracom-DF e Fecom\u00e9rcio assinaram o termo aditivo da Conven\u00e7\u00e3o Coletiva de Trabalho (CCT) que vigorar\u00e1 at\u00e9 o final do ano.<\/p>\n<p>O acordo defini o piso da categoria a partir de 1\u00ba de janeiro, no valor mensal de R$ 1.365,64. O \u00edndice de reajuste salarial foi de 10%. O aux\u00edlio alimenta\u00e7\u00e3o ficou estipulado em R$ 27,00.<\/p>\n<p><a href=\"https:\/\/canseideracao.com.br\/site\/wp-content\/uploads\/2023\/04\/cct-fecomercio-x-fetracom-servicos-.pdf\">Clique para acessar a conven\u00e7\u00e3o homologada.<\/a><\/p>\n","protected":false},"excerpt":{"rendered":"<p>Nesta quarta (25), Fetracom-DF e Fecom\u00e9rcio assinaram o termo aditivo da Conven\u00e7\u00e3o Coletiva de Trabalho (CCT) que vigorar\u00e1 at\u00e9 o final do ano. O acordo defini o piso da categoria a partir de 1\u00ba de janeiro, no valor mensal de R$ 1.365,64. O \u00edndice de reajuste salarial foi de 10%. O aux\u00edlio alimenta\u00e7\u00e3o ficou estipulado [&hellip;]<\/p>\n","protected":false},"author":1,"featured_media":1926,"comment_status":"open","ping_status":"open","sticky":false,"template":"","format":"standard","meta":{"footnotes":""},"categories":[214],"tags":[73],"class_list":{"0":"post-1923","1":"post","2":"type-post","3":"status-publish","4":"format-standard","5":"has-post-thumbnail","7":"category-representacao","8":"tag-destaque"},"yoast_head":"<!-- This site is optimized with the Yoast SEO plugin v22.5 - https:\/\/yoast.com\/wordpress\/plugins\/seo\/ -->\n<title>Fetracom e Fecom\u00e9rcio formalizam CCT com vig\u00eancia at\u00e9 final de 2023 - FETRACOM-DF<\/title>\n<meta name=\"robots\" content=\"index, follow, max-snippet:-1, max-image-preview:large, max-video-preview:-1\" \/>\n<link rel=\"canonical\" href=\"https:\/\/fetracomdf.com.br\/site\/fetracom-e-fecomercio-formalizam-cct-com-vigencia-ate-final-de-2023\/\" \/>\n<meta property=\"og:locale\" content=\"pt_PT\" \/>\n<meta property=\"og:type\" content=\"article\" \/>\n<meta property=\"og:title\" content=\"Fetracom e Fecom\u00e9rcio formalizam CCT com vig\u00eancia at\u00e9 final de 2023 - FETRACOM-DF\" \/>\n<meta property=\"og:description\" content=\"Nesta quarta (25), Fetracom-DF e Fecom\u00e9rcio assinaram o termo aditivo da Conven\u00e7\u00e3o Coletiva de Trabalho (CCT) que vigorar\u00e1 at\u00e9 o final do ano. O acordo defini o piso da categoria a partir de 1\u00ba de janeiro, no valor mensal de R$ 1.365,64. O \u00edndice de reajuste salarial foi de 10%. O aux\u00edlio alimenta\u00e7\u00e3o ficou estipulado [&hellip;]\" \/>\n<meta property=\"og:url\" content=\"https:\/\/fetracomdf.com.br\/site\/fetracom-e-fecomercio-formalizam-cct-com-vigencia-ate-final-de-2023\/\" \/>\n<meta property=\"og:site_name\" content=\"FETRACOM-DF\" \/>\n<meta property=\"article:published_time\" content=\"2023-01-14T19:06:10+00:00\" \/>\n<meta property=\"article:modified_time\" content=\"2023-04-14T20:13:38+00:00\" \/>\n<meta property=\"og:image\" content=\"https:\/\/fetracomdf.com.br\/site\/wp-content\/uploads\/2023\/01\/img6.jpg\" \/>\n\t<meta property=\"og:image:width\" content=\"700\" \/>\n\t<meta property=\"og:image:height\" content=\"494\" \/>\n\t<meta property=\"og:image:type\" content=\"image\/jpeg\" \/>\n<meta name=\"author\" content=\"admin\" \/>\n<meta name=\"twitter:card\" content=\"summary_large_image\" \/>\n<meta name=\"twitter:label1\" content=\"Escrito por\" \/>\n\t<meta name=\"twitter:data1\" content=\"admin\" \/>\n<script type=\"application\/ld+json\" class=\"yoast-schema-graph\">{\"@context\":\"https:\/\/schema.org\",\"@graph\":[{\"@type\":\"WebPage\",\"@id\":\"https:\/\/fetracomdf.com.br\/site\/fetracom-e-fecomercio-formalizam-cct-com-vigencia-ate-final-de-2023\/\",\"url\":\"https:\/\/fetracomdf.com.br\/site\/fetracom-e-fecomercio-formalizam-cct-com-vigencia-ate-final-de-2023\/\",\"name\":\"Fetracom e Fecom\u00e9rcio formalizam CCT com vig\u00eancia at\u00e9 final de 2023 - FETRACOM-DF\",\"isPartOf\":{\"@id\":\"https:\/\/fetracomdf.com.br\/site\/#website\"},\"primaryImageOfPage\":{\"@id\":\"https:\/\/fetracomdf.com.br\/site\/fetracom-e-fecomercio-formalizam-cct-com-vigencia-ate-final-de-2023\/#primaryimage\"},\"image\":{\"@id\":\"https:\/\/fetracomdf.com.br\/site\/fetracom-e-fecomercio-formalizam-cct-com-vigencia-ate-final-de-2023\/#primaryimage\"},\"thumbnailUrl\":\"https:\/\/fetracomdf.com.br\/site\/wp-content\/uploads\/2023\/01\/img6.jpg\",\"datePublished\":\"2023-01-14T19:06:10+00:00\",\"dateModified\":\"2023-04-14T20:13:38+00:00\",\"author\":{\"@id\":\"https:\/\/fetracomdf.com.br\/site\/#\/schema\/person\/ff34f4a99c21b2d2470dc3c9ad876aba\"},\"breadcrumb\":{\"@id\":\"https:\/\/fetracomdf.com.br\/site\/fetracom-e-fecomercio-formalizam-cct-com-vigencia-ate-final-de-2023\/#breadcrumb\"},\"inLanguage\":\"pt-PT\",\"potentialAction\":[{\"@type\":\"ReadAction\",\"target\":[\"https:\/\/fetracomdf.com.br\/site\/fetracom-e-fecomercio-formalizam-cct-com-vigencia-ate-final-de-2023\/\"]}]},{\"@type\":\"ImageObject\",\"inLanguage\":\"pt-PT\",\"@id\":\"https:\/\/fetracomdf.com.br\/site\/fetracom-e-fecomercio-formalizam-cct-com-vigencia-ate-final-de-2023\/#primaryimage\",\"url\":\"https:\/\/fetracomdf.com.br\/site\/wp-content\/uploads\/2023\/01\/img6.jpg\",\"contentUrl\":\"https:\/\/fetracomdf.com.br\/site\/wp-content\/uploads\/2023\/01\/img6.jpg\",\"width\":700,\"height\":494},{\"@type\":\"BreadcrumbList\",\"@id\":\"https:\/\/fetracomdf.com.br\/site\/fetracom-e-fecomercio-formalizam-cct-com-vigencia-ate-final-de-2023\/#breadcrumb\",\"itemListElement\":[{\"@type\":\"ListItem\",\"position\":1,\"name\":\"In\u00edcio\",\"item\":\"https:\/\/fetracomdf.com.br\/site\/\"},{\"@type\":\"ListItem\",\"position\":2,\"name\":\"Fetracom e Fecom\u00e9rcio formalizam CCT com vig\u00eancia at\u00e9 final de 2023\"}]},{\"@type\":\"WebSite\",\"@id\":\"https:\/\/fetracomdf.com.br\/site\/#website\",\"url\":\"https:\/\/fetracomdf.com.br\/site\/\",\"name\":\"FETRACOM-DF\",\"description\":\"Federa\u00e7\u00e3o dos Trabalhadores no Com\u00e9rcio e Servi\u00e7os do DF\",\"potentialAction\":[{\"@type\":\"SearchAction\",\"target\":{\"@type\":\"EntryPoint\",\"urlTemplate\":\"https:\/\/fetracomdf.com.br\/site\/?s={search_term_string}\"},\"query-input\":\"required name=search_term_string\"}],\"inLanguage\":\"pt-PT\"},{\"@type\":\"Person\",\"@id\":\"https:\/\/fetracomdf.com.br\/site\/#\/schema\/person\/ff34f4a99c21b2d2470dc3c9ad876aba\",\"name\":\"admin\",\"image\":{\"@type\":\"ImageObject\",\"inLanguage\":\"pt-PT\",\"@id\":\"https:\/\/fetracomdf.com.br\/site\/#\/schema\/person\/image\/\",\"url\":\"https:\/\/secure.gravatar.com\/avatar\/1683b7fd567d7eb1b0b61927c478b658e15aae2b4bc17db06d10248de884431a?s=96&d=mm&r=g\",\"contentUrl\":\"https:\/\/secure.gravatar.com\/avatar\/1683b7fd567d7eb1b0b61927c478b658e15aae2b4bc17db06d10248de884431a?s=96&d=mm&r=g\",\"caption\":\"admin\"},\"sameAs\":[\"https:\/\/canseideracao.com.br\/site\"],\"url\":\"https:\/\/fetracomdf.com.br\/site\/author\/admin\/\"}]}<\/script>\n<!-- \/ Yoast SEO plugin. -->","yoast_head_json":{"title":"Fetracom e Fecom\u00e9rcio formalizam CCT com vig\u00eancia at\u00e9 final de 2023 - FETRACOM-DF","robots":{"index":"index","follow":"follow","max-snippet":"max-snippet:-1","max-image-preview":"max-image-preview:large","max-video-preview":"max-video-preview:-1"},"canonical":"https:\/\/fetracomdf.com.br\/site\/fetracom-e-fecomercio-formalizam-cct-com-vigencia-ate-final-de-2023\/","og_locale":"pt_PT","og_type":"article","og_title":"Fetracom e Fecom\u00e9rcio formalizam CCT com vig\u00eancia at\u00e9 final de 2023 - FETRACOM-DF","og_description":"Nesta quarta (25), Fetracom-DF e Fecom\u00e9rcio assinaram o termo aditivo da Conven\u00e7\u00e3o Coletiva de Trabalho (CCT) que vigorar\u00e1 at\u00e9 o final do ano. O acordo defini o piso da categoria a partir de 1\u00ba de janeiro, no valor mensal de R$ 1.365,64. O \u00edndice de reajuste salarial foi de 10%. O aux\u00edlio alimenta\u00e7\u00e3o ficou estipulado [&hellip;]","og_url":"https:\/\/fetracomdf.com.br\/site\/fetracom-e-fecomercio-formalizam-cct-com-vigencia-ate-final-de-2023\/","og_site_name":"FETRACOM-DF","article_published_time":"2023-01-14T19:06:10+00:00","article_modified_time":"2023-04-14T20:13:38+00:00","og_image":[{"width":700,"height":494,"url":"https:\/\/fetracomdf.com.br\/site\/wp-content\/uploads\/2023\/01\/img6.jpg","type":"image\/jpeg"}],"author":"admin","twitter_card":"summary_large_image","twitter_misc":{"Escrito por":"admin"},"schema":{"@context":"https:\/\/schema.org","@graph":[{"@type":"WebPage","@id":"https:\/\/fetracomdf.com.br\/site\/fetracom-e-fecomercio-formalizam-cct-com-vigencia-ate-final-de-2023\/","url":"https:\/\/fetracomdf.com.br\/site\/fetracom-e-fecomercio-formalizam-cct-com-vigencia-ate-final-de-2023\/","name":"Fetracom e Fecom\u00e9rcio formalizam CCT com vig\u00eancia at\u00e9 final de 2023 - FETRACOM-DF","isPartOf":{"@id":"https:\/\/fetracomdf.com.br\/site\/#website"},"primaryImageOfPage":{"@id":"https:\/\/fetracomdf.com.br\/site\/fetracom-e-fecomercio-formalizam-cct-com-vigencia-ate-final-de-2023\/#primaryimage"},"image":{"@id":"https:\/\/fetracomdf.com.br\/site\/fetracom-e-fecomercio-formalizam-cct-com-vigencia-ate-final-de-2023\/#primaryimage"},"thumbnailUrl":"https:\/\/fetracomdf.com.br\/site\/wp-content\/uploads\/2023\/01\/img6.jpg","datePublished":"2023-01-14T19:06:10+00:00","dateModified":"2023-04-14T20:13:38+00:00","author":{"@id":"https:\/\/fetracomdf.com.br\/site\/#\/schema\/person\/ff34f4a99c21b2d2470dc3c9ad876aba"},"breadcrumb":{"@id":"https:\/\/fetracomdf.com.br\/site\/fetracom-e-fecomercio-formalizam-cct-com-vigencia-ate-final-de-2023\/#breadcrumb"},"inLanguage":"pt-PT","potentialAction":[{"@type":"ReadAction","target":["https:\/\/fetracomdf.com.br\/site\/fetracom-e-fecomercio-formalizam-cct-com-vigencia-ate-final-de-2023\/"]}]},{"@type":"ImageObject","inLanguage":"pt-PT","@id":"https:\/\/fetracomdf.com.br\/site\/fetracom-e-fecomercio-formalizam-cct-com-vigencia-ate-final-de-2023\/#primaryimage","url":"https:\/\/fetracomdf.com.br\/site\/wp-content\/uploads\/2023\/01\/img6.jpg","contentUrl":"https:\/\/fetracomdf.com.br\/site\/wp-content\/uploads\/2023\/01\/img6.jpg","width":700,"height":494},{"@type":"BreadcrumbList","@id":"https:\/\/fetracomdf.com.br\/site\/fetracom-e-fecomercio-formalizam-cct-com-vigencia-ate-final-de-2023\/#breadcrumb","itemListElement":[{"@type":"ListItem","position":1,"name":"In\u00edcio","item":"https:\/\/fetracomdf.com.br\/site\/"},{"@type":"ListItem","position":2,"name":"Fetracom e Fecom\u00e9rcio formalizam CCT com vig\u00eancia at\u00e9 final de 2023"}]},{"@type":"WebSite","@id":"https:\/\/fetracomdf.com.br\/site\/#website","url":"https:\/\/fetracomdf.com.br\/site\/","name":"FETRACOM-DF","description":"Federa\u00e7\u00e3o dos Trabalhadores no Com\u00e9rcio e Servi\u00e7os do DF","potentialAction":[{"@type":"SearchAction","target":{"@type":"EntryPoint","urlTemplate":"https:\/\/fetracomdf.com.br\/site\/?s={search_term_string}"},"query-input":"required name=search_term_string"}],"inLanguage":"pt-PT"},{"@type":"Person","@id":"https:\/\/fetracomdf.com.br\/site\/#\/schema\/person\/ff34f4a99c21b2d2470dc3c9ad876aba","name":"admin","image":{"@type":"ImageObject","inLanguage":"pt-PT","@id":"https:\/\/fetracomdf.com.br\/site\/#\/schema\/person\/image\/","url":"https:\/\/secure.gravatar.com\/avatar\/1683b7fd567d7eb1b0b61927c478b658e15aae2b4bc17db06d10248de884431a?s=96&d=mm&r=g","contentUrl":"https:\/\/secure.gravatar.com\/avatar\/1683b7fd567d7eb1b0b61927c478b658e15aae2b4bc17db06d10248de884431a?s=96&d=mm&r=g","caption":"admin"},"sameAs":["https:\/\/canseideracao.com.br\/site"],"url":"https:\/\/fetracomdf.com.br\/site\/author\/admin\/"}]}},"_links":{"self":[{"href":"https:\/\/fetracomdf.com.br\/site\/wp-json\/wp\/v2\/posts\/1923","targetHints":{"allow":["GET"]}}],"collection":[{"href":"https:\/\/fetracomdf.com.br\/site\/wp-json\/wp\/v2\/posts"}],"about":[{"href":"https:\/\/fetracomdf.com.br\/site\/wp-json\/wp\/v2\/types\/post"}],"author":[{"embeddable":true,"href":"https:\/\/fetracomdf.com.br\/site\/wp-json\/wp\/v2\/users\/1"}],"replies":[{"embeddable":true,"href":"https:\/\/fetracomdf.com.br\/site\/wp-json\/wp\/v2\/comments?post=1923"}],"version-history":[{"count":3,"href":"https:\/\/fetracomdf.com.br\/site\/wp-json\/wp\/v2\/posts\/1923\/revisions"}],"predecessor-version":[{"id":1928,"href":"https:\/\/fetracomdf.com.br\/site\/wp-json\/wp\/v2\/posts\/1923\/revisions\/1928"}],"wp:featuredmedia":[{"embeddable":true,"href":"https:\/\/fetracomdf.com.br\/site\/wp-json\/wp\/v2\/media\/1926"}],"wp:attachment":[{"href":"https:\/\/fetracomdf.com.br\/site\/wp-json\/wp\/v2\/media?parent=1923"}],"wp:term":[{"taxonomy":"category","embeddable":true,"href":"https:\/\/fetracomdf.com.br\/site\/wp-json\/wp\/v2\/categories?post=1923"},{"taxonomy":"post_tag","embeddable":true,"href":"https:\/\/fetracomdf.com.br\/site\/wp-json\/wp\/v2\/tags?post=1923"}],"curies":[{"name":"wp","href":"https:\/\/api.w.org\/{rel}","templated":true}]}}