{"id":1929,"date":"2023-03-07T19:19:14","date_gmt":"2023-03-07T19:19:14","guid":{"rendered":"https:\/\/canseideracao.com.br\/site\/?p=1929"},"modified":"2023-04-14T19:30:30","modified_gmt":"2023-04-14T19:30:30","slug":"marco-e-mes-de-contribuicao-sindical","status":"publish","type":"post","link":"https:\/\/fetracomdf.com.br\/site\/marco-e-mes-de-contribuicao-sindical\/","title":{"rendered":"Mar\u00e7o \u00e9 m\u00eas de contribui\u00e7\u00e3o sindical"},"content":{"rendered":"<p>A Fetracom-DF alerta aos trabalhadores e trabalhadoras do com\u00e9rcio e servi\u00e7os do Distrito Federal, organizados ou n\u00e3o, que mar\u00e7o \u00e9 o m\u00eas do desconto da Contribui\u00e7\u00e3o Sindical.<\/p>\n<p>O edital j\u00e1 est\u00e1 \u00e0 disposi\u00e7\u00e3o e nele constam todas as informa\u00e7\u00f5es para o desconto e o repasse, conforme determina\u00e7\u00e3o da Consolida\u00e7\u00e3o das Leis do Trabalho (CLT). Ent\u00e3o, se engaje nessa tarefa e vamos manter viva a nossa representa\u00e7\u00e3o.<\/p>\n<p>A Contribui\u00e7\u00e3o \u00e0s institui\u00e7\u00f5es sindicais \u00e9 um importante instrumento de fortalecimento da luta por direitos trabalhistas. Ent\u00e3o, avise seu empregador e converse com seus colegas sobre a import\u00e2ncia de financiar a luta sindical.<\/p>\n<p>As guias de recolhimento podem ser solicitadas atrav\u00e9s do telefone (61) 3967-4121.<\/p>\n<p>Leia o edital abaixo.<\/p>\n<p>Juntos somos mais fortes!7<\/p>\n<p><img loading=\"lazy\" decoding=\"async\" class=\"alignnone size-large wp-image-1930\" src=\"https:\/\/canseideracao.com.br\/site\/wp-content\/uploads\/2023\/04\/Card4-826x1024.jpg\" alt=\"\" width=\"696\" height=\"863\" srcset=\"https:\/\/fetracomdf.com.br\/site\/wp-content\/uploads\/2023\/04\/Card4-826x1024.jpg 826w, https:\/\/fetracomdf.com.br\/site\/wp-content\/uploads\/2023\/04\/Card4-242x300.jpg 242w, https:\/\/fetracomdf.com.br\/site\/wp-content\/uploads\/2023\/04\/Card4-768x952.jpg 768w, https:\/\/fetracomdf.com.br\/site\/wp-content\/uploads\/2023\/04\/Card4-150x186.jpg 150w, https:\/\/fetracomdf.com.br\/site\/wp-content\/uploads\/2023\/04\/Card4-300x372.jpg 300w, https:\/\/fetracomdf.com.br\/site\/wp-content\/uploads\/2023\/04\/Card4-696x863.jpg 696w, https:\/\/fetracomdf.com.br\/site\/wp-content\/uploads\/2023\/04\/Card4.jpg 868w\" sizes=\"auto, (max-width: 696px) 100vw, 696px\" \/><\/p>\n<p>&nbsp;<\/p>\n","protected":false},"excerpt":{"rendered":"<p>A Fetracom-DF alerta aos trabalhadores e trabalhadoras do com\u00e9rcio e servi\u00e7os do Distrito Federal, organizados ou n\u00e3o, que mar\u00e7o \u00e9 o m\u00eas do desconto da Contribui\u00e7\u00e3o Sindical. O edital j\u00e1 est\u00e1 \u00e0 disposi\u00e7\u00e3o e nele constam todas as informa\u00e7\u00f5es para o desconto e o repasse, conforme determina\u00e7\u00e3o da Consolida\u00e7\u00e3o das Leis do Trabalho (CLT). Ent\u00e3o, [&hellip;]<\/p>\n","protected":false},"author":1,"featured_media":1933,"comment_status":"open","ping_status":"open","sticky":false,"template":"","format":"standard","meta":{"footnotes":""},"categories":[219],"tags":[73],"class_list":{"0":"post-1929","1":"post","2":"type-post","3":"status-publish","4":"format-standard","5":"has-post-thumbnail","7":"category-nossa-forca-vem-da-uniao","8":"tag-destaque"},"yoast_head":"<!-- This site is optimized with the Yoast SEO plugin v22.5 - https:\/\/yoast.com\/wordpress\/plugins\/seo\/ -->\n<title>Mar\u00e7o \u00e9 m\u00eas de contribui\u00e7\u00e3o sindical - FETRACOM-DF<\/title>\n<meta name=\"robots\" content=\"index, follow, max-snippet:-1, max-image-preview:large, max-video-preview:-1\" \/>\n<link rel=\"canonical\" href=\"https:\/\/fetracomdf.com.br\/site\/marco-e-mes-de-contribuicao-sindical\/\" \/>\n<meta property=\"og:locale\" content=\"pt_PT\" \/>\n<meta property=\"og:type\" content=\"article\" \/>\n<meta property=\"og:title\" content=\"Mar\u00e7o \u00e9 m\u00eas de contribui\u00e7\u00e3o sindical - FETRACOM-DF\" \/>\n<meta property=\"og:description\" content=\"A Fetracom-DF alerta aos trabalhadores e trabalhadoras do com\u00e9rcio e servi\u00e7os do Distrito Federal, organizados ou n\u00e3o, que mar\u00e7o \u00e9 o m\u00eas do desconto da Contribui\u00e7\u00e3o Sindical. O edital j\u00e1 est\u00e1 \u00e0 disposi\u00e7\u00e3o e nele constam todas as informa\u00e7\u00f5es para o desconto e o repasse, conforme determina\u00e7\u00e3o da Consolida\u00e7\u00e3o das Leis do Trabalho (CLT). Ent\u00e3o, [&hellip;]\" \/>\n<meta property=\"og:url\" content=\"https:\/\/fetracomdf.com.br\/site\/marco-e-mes-de-contribuicao-sindical\/\" \/>\n<meta property=\"og:site_name\" content=\"FETRACOM-DF\" \/>\n<meta property=\"article:published_time\" content=\"2023-03-07T19:19:14+00:00\" \/>\n<meta property=\"article:modified_time\" content=\"2023-04-14T19:30:30+00:00\" \/>\n<meta property=\"og:image\" content=\"https:\/\/fetracomdf.com.br\/site\/wp-content\/uploads\/2023\/03\/img7.jpg\" \/>\n\t<meta property=\"og:image:width\" content=\"825\" \/>\n\t<meta property=\"og:image:height\" content=\"494\" \/>\n\t<meta property=\"og:image:type\" content=\"image\/jpeg\" \/>\n<meta name=\"author\" content=\"admin\" \/>\n<meta name=\"twitter:card\" content=\"summary_large_image\" \/>\n<meta name=\"twitter:label1\" content=\"Escrito por\" \/>\n\t<meta name=\"twitter:data1\" content=\"admin\" \/>\n\t<meta name=\"twitter:label2\" content=\"Tempo estimado de leitura\" \/>\n\t<meta name=\"twitter:data2\" content=\"1 minuto\" \/>\n<script type=\"application\/ld+json\" class=\"yoast-schema-graph\">{\"@context\":\"https:\/\/schema.org\",\"@graph\":[{\"@type\":\"WebPage\",\"@id\":\"https:\/\/fetracomdf.com.br\/site\/marco-e-mes-de-contribuicao-sindical\/\",\"url\":\"https:\/\/fetracomdf.com.br\/site\/marco-e-mes-de-contribuicao-sindical\/\",\"name\":\"Mar\u00e7o \u00e9 m\u00eas de contribui\u00e7\u00e3o sindical - FETRACOM-DF\",\"isPartOf\":{\"@id\":\"https:\/\/fetracomdf.com.br\/site\/#website\"},\"primaryImageOfPage\":{\"@id\":\"https:\/\/fetracomdf.com.br\/site\/marco-e-mes-de-contribuicao-sindical\/#primaryimage\"},\"image\":{\"@id\":\"https:\/\/fetracomdf.com.br\/site\/marco-e-mes-de-contribuicao-sindical\/#primaryimage\"},\"thumbnailUrl\":\"https:\/\/fetracomdf.com.br\/site\/wp-content\/uploads\/2023\/03\/img7.jpg\",\"datePublished\":\"2023-03-07T19:19:14+00:00\",\"dateModified\":\"2023-04-14T19:30:30+00:00\",\"author\":{\"@id\":\"https:\/\/fetracomdf.com.br\/site\/#\/schema\/person\/ff34f4a99c21b2d2470dc3c9ad876aba\"},\"breadcrumb\":{\"@id\":\"https:\/\/fetracomdf.com.br\/site\/marco-e-mes-de-contribuicao-sindical\/#breadcrumb\"},\"inLanguage\":\"pt-PT\",\"potentialAction\":[{\"@type\":\"ReadAction\",\"target\":[\"https:\/\/fetracomdf.com.br\/site\/marco-e-mes-de-contribuicao-sindical\/\"]}]},{\"@type\":\"ImageObject\",\"inLanguage\":\"pt-PT\",\"@id\":\"https:\/\/fetracomdf.com.br\/site\/marco-e-mes-de-contribuicao-sindical\/#primaryimage\",\"url\":\"https:\/\/fetracomdf.com.br\/site\/wp-content\/uploads\/2023\/03\/img7.jpg\",\"contentUrl\":\"https:\/\/fetracomdf.com.br\/site\/wp-content\/uploads\/2023\/03\/img7.jpg\",\"width\":825,\"height\":494},{\"@type\":\"BreadcrumbList\",\"@id\":\"https:\/\/fetracomdf.com.br\/site\/marco-e-mes-de-contribuicao-sindical\/#breadcrumb\",\"itemListElement\":[{\"@type\":\"ListItem\",\"position\":1,\"name\":\"In\u00edcio\",\"item\":\"https:\/\/fetracomdf.com.br\/site\/\"},{\"@type\":\"ListItem\",\"position\":2,\"name\":\"Mar\u00e7o \u00e9 m\u00eas de contribui\u00e7\u00e3o sindical\"}]},{\"@type\":\"WebSite\",\"@id\":\"https:\/\/fetracomdf.com.br\/site\/#website\",\"url\":\"https:\/\/fetracomdf.com.br\/site\/\",\"name\":\"FETRACOM-DF\",\"description\":\"Federa\u00e7\u00e3o dos Trabalhadores no Com\u00e9rcio e Servi\u00e7os do DF\",\"potentialAction\":[{\"@type\":\"SearchAction\",\"target\":{\"@type\":\"EntryPoint\",\"urlTemplate\":\"https:\/\/fetracomdf.com.br\/site\/?s={search_term_string}\"},\"query-input\":\"required name=search_term_string\"}],\"inLanguage\":\"pt-PT\"},{\"@type\":\"Person\",\"@id\":\"https:\/\/fetracomdf.com.br\/site\/#\/schema\/person\/ff34f4a99c21b2d2470dc3c9ad876aba\",\"name\":\"admin\",\"image\":{\"@type\":\"ImageObject\",\"inLanguage\":\"pt-PT\",\"@id\":\"https:\/\/fetracomdf.com.br\/site\/#\/schema\/person\/image\/\",\"url\":\"https:\/\/secure.gravatar.com\/avatar\/1683b7fd567d7eb1b0b61927c478b658e15aae2b4bc17db06d10248de884431a?s=96&d=mm&r=g\",\"contentUrl\":\"https:\/\/secure.gravatar.com\/avatar\/1683b7fd567d7eb1b0b61927c478b658e15aae2b4bc17db06d10248de884431a?s=96&d=mm&r=g\",\"caption\":\"admin\"},\"sameAs\":[\"https:\/\/canseideracao.com.br\/site\"],\"url\":\"https:\/\/fetracomdf.com.br\/site\/author\/admin\/\"}]}<\/script>\n<!-- \/ Yoast SEO plugin. -->","yoast_head_json":{"title":"Mar\u00e7o \u00e9 m\u00eas de contribui\u00e7\u00e3o sindical - FETRACOM-DF","robots":{"index":"index","follow":"follow","max-snippet":"max-snippet:-1","max-image-preview":"max-image-preview:large","max-video-preview":"max-video-preview:-1"},"canonical":"https:\/\/fetracomdf.com.br\/site\/marco-e-mes-de-contribuicao-sindical\/","og_locale":"pt_PT","og_type":"article","og_title":"Mar\u00e7o \u00e9 m\u00eas de contribui\u00e7\u00e3o sindical - FETRACOM-DF","og_description":"A Fetracom-DF alerta aos trabalhadores e trabalhadoras do com\u00e9rcio e servi\u00e7os do Distrito Federal, organizados ou n\u00e3o, que mar\u00e7o \u00e9 o m\u00eas do desconto da Contribui\u00e7\u00e3o Sindical. O edital j\u00e1 est\u00e1 \u00e0 disposi\u00e7\u00e3o e nele constam todas as informa\u00e7\u00f5es para o desconto e o repasse, conforme determina\u00e7\u00e3o da Consolida\u00e7\u00e3o das Leis do Trabalho (CLT). Ent\u00e3o, [&hellip;]","og_url":"https:\/\/fetracomdf.com.br\/site\/marco-e-mes-de-contribuicao-sindical\/","og_site_name":"FETRACOM-DF","article_published_time":"2023-03-07T19:19:14+00:00","article_modified_time":"2023-04-14T19:30:30+00:00","og_image":[{"width":825,"height":494,"url":"https:\/\/fetracomdf.com.br\/site\/wp-content\/uploads\/2023\/03\/img7.jpg","type":"image\/jpeg"}],"author":"admin","twitter_card":"summary_large_image","twitter_misc":{"Escrito por":"admin","Tempo estimado de leitura":"1 minuto"},"schema":{"@context":"https:\/\/schema.org","@graph":[{"@type":"WebPage","@id":"https:\/\/fetracomdf.com.br\/site\/marco-e-mes-de-contribuicao-sindical\/","url":"https:\/\/fetracomdf.com.br\/site\/marco-e-mes-de-contribuicao-sindical\/","name":"Mar\u00e7o \u00e9 m\u00eas de contribui\u00e7\u00e3o sindical - FETRACOM-DF","isPartOf":{"@id":"https:\/\/fetracomdf.com.br\/site\/#website"},"primaryImageOfPage":{"@id":"https:\/\/fetracomdf.com.br\/site\/marco-e-mes-de-contribuicao-sindical\/#primaryimage"},"image":{"@id":"https:\/\/fetracomdf.com.br\/site\/marco-e-mes-de-contribuicao-sindical\/#primaryimage"},"thumbnailUrl":"https:\/\/fetracomdf.com.br\/site\/wp-content\/uploads\/2023\/03\/img7.jpg","datePublished":"2023-03-07T19:19:14+00:00","dateModified":"2023-04-14T19:30:30+00:00","author":{"@id":"https:\/\/fetracomdf.com.br\/site\/#\/schema\/person\/ff34f4a99c21b2d2470dc3c9ad876aba"},"breadcrumb":{"@id":"https:\/\/fetracomdf.com.br\/site\/marco-e-mes-de-contribuicao-sindical\/#breadcrumb"},"inLanguage":"pt-PT","potentialAction":[{"@type":"ReadAction","target":["https:\/\/fetracomdf.com.br\/site\/marco-e-mes-de-contribuicao-sindical\/"]}]},{"@type":"ImageObject","inLanguage":"pt-PT","@id":"https:\/\/fetracomdf.com.br\/site\/marco-e-mes-de-contribuicao-sindical\/#primaryimage","url":"https:\/\/fetracomdf.com.br\/site\/wp-content\/uploads\/2023\/03\/img7.jpg","contentUrl":"https:\/\/fetracomdf.com.br\/site\/wp-content\/uploads\/2023\/03\/img7.jpg","width":825,"height":494},{"@type":"BreadcrumbList","@id":"https:\/\/fetracomdf.com.br\/site\/marco-e-mes-de-contribuicao-sindical\/#breadcrumb","itemListElement":[{"@type":"ListItem","position":1,"name":"In\u00edcio","item":"https:\/\/fetracomdf.com.br\/site\/"},{"@type":"ListItem","position":2,"name":"Mar\u00e7o \u00e9 m\u00eas de contribui\u00e7\u00e3o sindical"}]},{"@type":"WebSite","@id":"https:\/\/fetracomdf.com.br\/site\/#website","url":"https:\/\/fetracomdf.com.br\/site\/","name":"FETRACOM-DF","description":"Federa\u00e7\u00e3o dos Trabalhadores no Com\u00e9rcio e Servi\u00e7os do DF","potentialAction":[{"@type":"SearchAction","target":{"@type":"EntryPoint","urlTemplate":"https:\/\/fetracomdf.com.br\/site\/?s={search_term_string}"},"query-input":"required name=search_term_string"}],"inLanguage":"pt-PT"},{"@type":"Person","@id":"https:\/\/fetracomdf.com.br\/site\/#\/schema\/person\/ff34f4a99c21b2d2470dc3c9ad876aba","name":"admin","image":{"@type":"ImageObject","inLanguage":"pt-PT","@id":"https:\/\/fetracomdf.com.br\/site\/#\/schema\/person\/image\/","url":"https:\/\/secure.gravatar.com\/avatar\/1683b7fd567d7eb1b0b61927c478b658e15aae2b4bc17db06d10248de884431a?s=96&d=mm&r=g","contentUrl":"https:\/\/secure.gravatar.com\/avatar\/1683b7fd567d7eb1b0b61927c478b658e15aae2b4bc17db06d10248de884431a?s=96&d=mm&r=g","caption":"admin"},"sameAs":["https:\/\/canseideracao.com.br\/site"],"url":"https:\/\/fetracomdf.com.br\/site\/author\/admin\/"}]}},"_links":{"self":[{"href":"https:\/\/fetracomdf.com.br\/site\/wp-json\/wp\/v2\/posts\/1929","targetHints":{"allow":["GET"]}}],"collection":[{"href":"https:\/\/fetracomdf.com.br\/site\/wp-json\/wp\/v2\/posts"}],"about":[{"href":"https:\/\/fetracomdf.com.br\/site\/wp-json\/wp\/v2\/types\/post"}],"author":[{"embeddable":true,"href":"https:\/\/fetracomdf.com.br\/site\/wp-json\/wp\/v2\/users\/1"}],"replies":[{"embeddable":true,"href":"https:\/\/fetracomdf.com.br\/site\/wp-json\/wp\/v2\/comments?post=1929"}],"version-history":[{"count":1,"href":"https:\/\/fetracomdf.com.br\/site\/wp-json\/wp\/v2\/posts\/1929\/revisions"}],"predecessor-version":[{"id":1932,"href":"https:\/\/fetracomdf.com.br\/site\/wp-json\/wp\/v2\/posts\/1929\/revisions\/1932"}],"wp:featuredmedia":[{"embeddable":true,"href":"https:\/\/fetracomdf.com.br\/site\/wp-json\/wp\/v2\/media\/1933"}],"wp:attachment":[{"href":"https:\/\/fetracomdf.com.br\/site\/wp-json\/wp\/v2\/media?parent=1929"}],"wp:term":[{"taxonomy":"category","embeddable":true,"href":"https:\/\/fetracomdf.com.br\/site\/wp-json\/wp\/v2\/categories?post=1929"},{"taxonomy":"post_tag","embeddable":true,"href":"https:\/\/fetracomdf.com.br\/site\/wp-json\/wp\/v2\/tags?post=1929"}],"curies":[{"name":"wp","href":"https:\/\/api.w.org\/{rel}","templated":true}]}}