{"id":2478,"date":"2023-05-27T22:37:39","date_gmt":"2023-05-27T22:37:39","guid":{"rendered":"https:\/\/canseideracao.com.br\/site\/?p=2478"},"modified":"2023-06-15T23:06:29","modified_gmt":"2023-06-15T23:06:29","slug":"iv-congresso-da-fetracom-df-fortalece-luta-pelos-direitos-dos-trabalhadores-e-trabalhadoras-do-comercio-e-servicos-no-distrito-federal","status":"publish","type":"post","link":"https:\/\/fetracomdf.com.br\/site\/iv-congresso-da-fetracom-df-fortalece-luta-pelos-direitos-dos-trabalhadores-e-trabalhadoras-do-comercio-e-servicos-no-distrito-federal\/","title":{"rendered":"IV Congresso da Fetracom-DF fortalece luta pelos direitos dos trabalhadores e trabalhadoras do com\u00e9rcio e servi\u00e7os no Distrito Federal"},"content":{"rendered":"<p>Durante os dias 26 e 27 de maio, no Clube dos Comerci\u00e1rios, aconteceu o IV Congresso da Federa\u00e7\u00e3o dos Trabalhadores no Com\u00e9rcio e Servi\u00e7os do Distrito Federal (Fetracom-DF). O evento reuniu representantes sindicais, lideran\u00e7as e trabalhadores para discutir as conquistas e os pr\u00f3ximos passos do movimento em defesa dos direitos trabalhistas.<\/p>\n<p><center><iframe loading=\"lazy\" style=\"border: none; overflow: hidden;\" src=\"https:\/\/www.facebook.com\/plugins\/video.php?height=317&amp;href=https%3A%2F%2Fwww.facebook.com%2FFetracomDF%2Fvideos%2F528970552781811%2F&amp;show_text=false&amp;width=560&amp;t=0\" width=\"560\" height=\"317\" frameborder=\"0\" scrolling=\"no\" allowfullscreen=\"allowfullscreen\"><\/iframe><\/center>No primeiro dia, a mesa de abertura contou com a presen\u00e7a do presidente da Contracs-CUT, Julimar Roberto, da secret\u00e1ria-geral do Sindicom-DF, Geralda Godinho, do secret\u00e1rio de Administra\u00e7\u00e3o e Finan\u00e7as da CUT-DF e primeiro secret\u00e1rio da Fetracom-DF, Washington Domingues, do secret\u00e1rio-geral da Contracs-CUT e secret\u00e1rio nacional de Assuntos Jur\u00eddicos da CUT, Valeir Ertle, e da presidenta do Sindiservi\u00e7os, Dona Isabel. A atividade teve in\u00edcio com a discuss\u00e3o das conjunturas local, nacional e internacional, com os debatedores Jacy Afonso e Ant\u00f4nio Lisboa.<\/p>\n<p><center><iframe loading=\"lazy\" style=\"border: none; overflow: hidden;\" src=\"https:\/\/www.facebook.com\/plugins\/video.php?height=316&amp;href=https%3A%2F%2Fwww.facebook.com%2FFetracomDF%2Fvideos%2F2412017822298753%2F&amp;show_text=false&amp;width=560&amp;t=0\" width=\"560\" height=\"316\" frameborder=\"0\" scrolling=\"no\" allowfullscreen=\"allowfullscreen\"><\/iframe><\/center>No segundo dia, o chefe de fiscaliza\u00e7\u00e3o da Superintend\u00eancia Regional do Trabalho e Emprego no DF (SRTE\/DF), Marcos G\u00f3is, realizou uma explana\u00e7\u00e3o sobre a import\u00e2ncia da seguran\u00e7a do trabalhador e da trabalhadora. A deputada federal Erika Kokay tamb\u00e9m marcou presen\u00e7a no congresso, deixando uma mensagem de apoio aos trabalhadores e trabalhadoras do Distrito Federal e Entorno. A economista do Dieese, Mariel Angeli, destacou que o cen\u00e1rio econ\u00f4mico atual \u00e9 favor\u00e1vel para a classe trabalhadora.<\/p>\n<p><center><iframe loading=\"lazy\" style=\"border: none; overflow: hidden;\" src=\"https:\/\/www.facebook.com\/plugins\/video.php?height=316&amp;href=https%3A%2F%2Fwww.facebook.com%2FFetracomDF%2Fvideos%2F964340378052788%2F&amp;show_text=false&amp;width=560&amp;t=0\" width=\"560\" height=\"316\" frameborder=\"0\" scrolling=\"no\" allowfullscreen=\"allowfullscreen\"><\/iframe><\/center>Durante o evento, foi aprovado o Plano de Lutas da Fetracom-DF at\u00e9 2027, refor\u00e7ando o compromisso cont\u00ednuo em prol dos direitos e melhores condi\u00e7\u00f5es de trabalho para os profissionais do com\u00e9rcio e servi\u00e7os no Distrito Federal. Al\u00e9m disso, uma nova diretoria foi eleita para o per\u00edodo de 2023 a 2027.<\/p>\n<p><center><iframe loading=\"lazy\" style=\"border: none; overflow: hidden;\" src=\"https:\/\/www.facebook.com\/plugins\/video.php?height=314&amp;href=https%3A%2F%2Fwww.facebook.com%2FFetracomDF%2Fvideos%2F9785913951422363%2F&amp;show_text=false&amp;width=560&amp;t=0\" width=\"560\" height=\"314\" frameborder=\"0\" scrolling=\"no\" allowfullscreen=\"allowfullscreen\"><\/iframe><\/center>O IV Congresso da Fetracom-DF foi marcado por debates intensos, fortalecendo a unidade e reafirmando o compromisso da entidade na defesa dos direitos dos trabalhadores e trabalhadoras. As discuss\u00f5es abordaram temas como financiamento sindical, igualdade de g\u00eanero e racial, desafios do ramo no DF, sa\u00fade e seguran\u00e7a do trabalhador, estat\u00edsticas e negocia\u00e7\u00f5es coletivas.<\/p>\n<p><center><iframe loading=\"lazy\" style=\"border: none; overflow: hidden;\" src=\"https:\/\/www.facebook.com\/plugins\/video.php?height=314&amp;href=https%3A%2F%2Fwww.facebook.com%2FFetracomDF%2Fvideos%2F242773221620790%2F&amp;show_text=false&amp;width=560&amp;t=0\" width=\"560\" height=\"314\" frameborder=\"0\" scrolling=\"no\" allowfullscreen=\"allowfullscreen\"><\/iframe><\/center>A Federa\u00e7\u00e3o dos Trabalhadores no Com\u00e9rcio e Servi\u00e7os do Distrito Federal encerra o congresso com a certeza de que a luta em prol dos direitos trabalhistas \u00e9 fundamental e continuar\u00e1 sendo uma prioridade na agenda sindical. A uni\u00e3o e o engajamento de todos os trabalhadores e trabalhadoras s\u00e3o essenciais para enfrentar os desafios e garantir melhores condi\u00e7\u00f5es de trabalho e qualidade de vida.<\/p>\n<div id='gallery-1' class='gallery galleryid-2478 gallery-columns-3 gallery-size-medium'><figure class='gallery-item'>\n\t\t\t<div class='gallery-icon landscape'>\n\t\t\t\t<a href='https:\/\/fetracomdf.com.br\/site\/wp-content\/uploads\/2023\/06\/IMG_2530.jpg'><img loading=\"lazy\" decoding=\"async\" width=\"300\" height=\"200\" src=\"https:\/\/fetracomdf.com.br\/site\/wp-content\/uploads\/2023\/06\/IMG_2530-300x200.jpg\" class=\"attachment-medium size-medium\" alt=\"\" srcset=\"https:\/\/fetracomdf.com.br\/site\/wp-content\/uploads\/2023\/06\/IMG_2530-300x200.jpg 300w, https:\/\/fetracomdf.com.br\/site\/wp-content\/uploads\/2023\/06\/IMG_2530-768x512.jpg 768w, https:\/\/fetracomdf.com.br\/site\/wp-content\/uploads\/2023\/06\/IMG_2530-696x464.jpg 696w, https:\/\/fetracomdf.com.br\/site\/wp-content\/uploads\/2023\/06\/IMG_2530-630x420.jpg 630w, https:\/\/fetracomdf.com.br\/site\/wp-content\/uploads\/2023\/06\/IMG_2530.jpg 1000w\" sizes=\"auto, (max-width: 300px) 100vw, 300px\" \/><\/a>\n\t\t\t<\/div><\/figure><figure class='gallery-item'>\n\t\t\t<div class='gallery-icon landscape'>\n\t\t\t\t<a href='https:\/\/fetracomdf.com.br\/site\/wp-content\/uploads\/2023\/06\/IMG_2600.jpg'><img loading=\"lazy\" decoding=\"async\" width=\"300\" height=\"200\" src=\"https:\/\/fetracomdf.com.br\/site\/wp-content\/uploads\/2023\/06\/IMG_2600-300x200.jpg\" class=\"attachment-medium size-medium\" alt=\"\" srcset=\"https:\/\/fetracomdf.com.br\/site\/wp-content\/uploads\/2023\/06\/IMG_2600-300x200.jpg 300w, https:\/\/fetracomdf.com.br\/site\/wp-content\/uploads\/2023\/06\/IMG_2600-768x512.jpg 768w, https:\/\/fetracomdf.com.br\/site\/wp-content\/uploads\/2023\/06\/IMG_2600-696x464.jpg 696w, https:\/\/fetracomdf.com.br\/site\/wp-content\/uploads\/2023\/06\/IMG_2600-630x420.jpg 630w, https:\/\/fetracomdf.com.br\/site\/wp-content\/uploads\/2023\/06\/IMG_2600.jpg 1000w\" sizes=\"auto, (max-width: 300px) 100vw, 300px\" \/><\/a>\n\t\t\t<\/div><\/figure><figure class='gallery-item'>\n\t\t\t<div class='gallery-icon landscape'>\n\t\t\t\t<a href='https:\/\/fetracomdf.com.br\/site\/wp-content\/uploads\/2023\/06\/IMG_2605.jpg'><img loading=\"lazy\" decoding=\"async\" width=\"300\" height=\"200\" src=\"https:\/\/fetracomdf.com.br\/site\/wp-content\/uploads\/2023\/06\/IMG_2605-300x200.jpg\" class=\"attachment-medium size-medium\" alt=\"\" srcset=\"https:\/\/fetracomdf.com.br\/site\/wp-content\/uploads\/2023\/06\/IMG_2605-300x200.jpg 300w, https:\/\/fetracomdf.com.br\/site\/wp-content\/uploads\/2023\/06\/IMG_2605-768x512.jpg 768w, https:\/\/fetracomdf.com.br\/site\/wp-content\/uploads\/2023\/06\/IMG_2605-696x464.jpg 696w, https:\/\/fetracomdf.com.br\/site\/wp-content\/uploads\/2023\/06\/IMG_2605-630x420.jpg 630w, https:\/\/fetracomdf.com.br\/site\/wp-content\/uploads\/2023\/06\/IMG_2605.jpg 1000w\" sizes=\"auto, (max-width: 300px) 100vw, 300px\" \/><\/a>\n\t\t\t<\/div><\/figure><figure class='gallery-item'>\n\t\t\t<div class='gallery-icon landscape'>\n\t\t\t\t<a href='https:\/\/fetracomdf.com.br\/site\/wp-content\/uploads\/2023\/06\/IMG_2514.jpg'><img loading=\"lazy\" decoding=\"async\" width=\"300\" height=\"200\" src=\"https:\/\/fetracomdf.com.br\/site\/wp-content\/uploads\/2023\/06\/IMG_2514-300x200.jpg\" class=\"attachment-medium size-medium\" alt=\"\" srcset=\"https:\/\/fetracomdf.com.br\/site\/wp-content\/uploads\/2023\/06\/IMG_2514-300x200.jpg 300w, https:\/\/fetracomdf.com.br\/site\/wp-content\/uploads\/2023\/06\/IMG_2514-768x512.jpg 768w, https:\/\/fetracomdf.com.br\/site\/wp-content\/uploads\/2023\/06\/IMG_2514-696x464.jpg 696w, https:\/\/fetracomdf.com.br\/site\/wp-content\/uploads\/2023\/06\/IMG_2514-630x420.jpg 630w, https:\/\/fetracomdf.com.br\/site\/wp-content\/uploads\/2023\/06\/IMG_2514.jpg 1000w\" sizes=\"auto, (max-width: 300px) 100vw, 300px\" \/><\/a>\n\t\t\t<\/div><\/figure><figure class='gallery-item'>\n\t\t\t<div class='gallery-icon landscape'>\n\t\t\t\t<a href='https:\/\/fetracomdf.com.br\/site\/wp-content\/uploads\/2023\/06\/IMG_2620.jpg'><img loading=\"lazy\" decoding=\"async\" width=\"300\" height=\"200\" src=\"https:\/\/fetracomdf.com.br\/site\/wp-content\/uploads\/2023\/06\/IMG_2620-300x200.jpg\" class=\"attachment-medium size-medium\" alt=\"\" srcset=\"https:\/\/fetracomdf.com.br\/site\/wp-content\/uploads\/2023\/06\/IMG_2620-300x200.jpg 300w, https:\/\/fetracomdf.com.br\/site\/wp-content\/uploads\/2023\/06\/IMG_2620-768x512.jpg 768w, https:\/\/fetracomdf.com.br\/site\/wp-content\/uploads\/2023\/06\/IMG_2620-696x464.jpg 696w, https:\/\/fetracomdf.com.br\/site\/wp-content\/uploads\/2023\/06\/IMG_2620-630x420.jpg 630w, https:\/\/fetracomdf.com.br\/site\/wp-content\/uploads\/2023\/06\/IMG_2620.jpg 1000w\" sizes=\"auto, (max-width: 300px) 100vw, 300px\" \/><\/a>\n\t\t\t<\/div><\/figure><figure class='gallery-item'>\n\t\t\t<div class='gallery-icon landscape'>\n\t\t\t\t<a href='https:\/\/fetracomdf.com.br\/site\/wp-content\/uploads\/2023\/06\/IMG_2436.jpg'><img loading=\"lazy\" decoding=\"async\" width=\"300\" height=\"200\" src=\"https:\/\/fetracomdf.com.br\/site\/wp-content\/uploads\/2023\/06\/IMG_2436-300x200.jpg\" class=\"attachment-medium size-medium\" alt=\"\" srcset=\"https:\/\/fetracomdf.com.br\/site\/wp-content\/uploads\/2023\/06\/IMG_2436-300x200.jpg 300w, https:\/\/fetracomdf.com.br\/site\/wp-content\/uploads\/2023\/06\/IMG_2436-768x512.jpg 768w, https:\/\/fetracomdf.com.br\/site\/wp-content\/uploads\/2023\/06\/IMG_2436-696x464.jpg 696w, https:\/\/fetracomdf.com.br\/site\/wp-content\/uploads\/2023\/06\/IMG_2436-630x420.jpg 630w, https:\/\/fetracomdf.com.br\/site\/wp-content\/uploads\/2023\/06\/IMG_2436.jpg 1000w\" sizes=\"auto, (max-width: 300px) 100vw, 300px\" \/><\/a>\n\t\t\t<\/div><\/figure><figure class='gallery-item'>\n\t\t\t<div class='gallery-icon landscape'>\n\t\t\t\t<a href='https:\/\/fetracomdf.com.br\/site\/wp-content\/uploads\/2023\/06\/IMG_2407.jpg'><img loading=\"lazy\" decoding=\"async\" width=\"300\" height=\"200\" src=\"https:\/\/fetracomdf.com.br\/site\/wp-content\/uploads\/2023\/06\/IMG_2407-300x200.jpg\" class=\"attachment-medium size-medium\" alt=\"\" srcset=\"https:\/\/fetracomdf.com.br\/site\/wp-content\/uploads\/2023\/06\/IMG_2407-300x200.jpg 300w, https:\/\/fetracomdf.com.br\/site\/wp-content\/uploads\/2023\/06\/IMG_2407-768x512.jpg 768w, https:\/\/fetracomdf.com.br\/site\/wp-content\/uploads\/2023\/06\/IMG_2407-696x464.jpg 696w, https:\/\/fetracomdf.com.br\/site\/wp-content\/uploads\/2023\/06\/IMG_2407-630x420.jpg 630w, https:\/\/fetracomdf.com.br\/site\/wp-content\/uploads\/2023\/06\/IMG_2407.jpg 1000w\" sizes=\"auto, (max-width: 300px) 100vw, 300px\" \/><\/a>\n\t\t\t<\/div><\/figure><figure class='gallery-item'>\n\t\t\t<div class='gallery-icon landscape'>\n\t\t\t\t<a href='https:\/\/fetracomdf.com.br\/site\/wp-content\/uploads\/2023\/06\/IMG_2569.jpg'><img loading=\"lazy\" decoding=\"async\" width=\"300\" height=\"200\" src=\"https:\/\/fetracomdf.com.br\/site\/wp-content\/uploads\/2023\/06\/IMG_2569-300x200.jpg\" class=\"attachment-medium size-medium\" alt=\"\" srcset=\"https:\/\/fetracomdf.com.br\/site\/wp-content\/uploads\/2023\/06\/IMG_2569-300x200.jpg 300w, https:\/\/fetracomdf.com.br\/site\/wp-content\/uploads\/2023\/06\/IMG_2569-768x512.jpg 768w, https:\/\/fetracomdf.com.br\/site\/wp-content\/uploads\/2023\/06\/IMG_2569-696x464.jpg 696w, https:\/\/fetracomdf.com.br\/site\/wp-content\/uploads\/2023\/06\/IMG_2569-630x420.jpg 630w, https:\/\/fetracomdf.com.br\/site\/wp-content\/uploads\/2023\/06\/IMG_2569.jpg 1000w\" sizes=\"auto, (max-width: 300px) 100vw, 300px\" \/><\/a>\n\t\t\t<\/div><\/figure><figure class='gallery-item'>\n\t\t\t<div class='gallery-icon landscape'>\n\t\t\t\t<a href='https:\/\/fetracomdf.com.br\/site\/wp-content\/uploads\/2023\/06\/IMG_2438.jpg'><img loading=\"lazy\" decoding=\"async\" width=\"300\" height=\"200\" src=\"https:\/\/fetracomdf.com.br\/site\/wp-content\/uploads\/2023\/06\/IMG_2438-300x200.jpg\" class=\"attachment-medium size-medium\" alt=\"\" srcset=\"https:\/\/fetracomdf.com.br\/site\/wp-content\/uploads\/2023\/06\/IMG_2438-300x200.jpg 300w, https:\/\/fetracomdf.com.br\/site\/wp-content\/uploads\/2023\/06\/IMG_2438-768x512.jpg 768w, https:\/\/fetracomdf.com.br\/site\/wp-content\/uploads\/2023\/06\/IMG_2438-696x464.jpg 696w, https:\/\/fetracomdf.com.br\/site\/wp-content\/uploads\/2023\/06\/IMG_2438-630x420.jpg 630w, https:\/\/fetracomdf.com.br\/site\/wp-content\/uploads\/2023\/06\/IMG_2438.jpg 1000w\" sizes=\"auto, (max-width: 300px) 100vw, 300px\" \/><\/a>\n\t\t\t<\/div><\/figure><figure class='gallery-item'>\n\t\t\t<div class='gallery-icon landscape'>\n\t\t\t\t<a href='https:\/\/fetracomdf.com.br\/site\/wp-content\/uploads\/2023\/06\/IMG_2458.jpg'><img loading=\"lazy\" decoding=\"async\" width=\"300\" height=\"200\" src=\"https:\/\/fetracomdf.com.br\/site\/wp-content\/uploads\/2023\/06\/IMG_2458-300x200.jpg\" class=\"attachment-medium size-medium\" alt=\"\" srcset=\"https:\/\/fetracomdf.com.br\/site\/wp-content\/uploads\/2023\/06\/IMG_2458-300x200.jpg 300w, https:\/\/fetracomdf.com.br\/site\/wp-content\/uploads\/2023\/06\/IMG_2458-768x512.jpg 768w, https:\/\/fetracomdf.com.br\/site\/wp-content\/uploads\/2023\/06\/IMG_2458-696x464.jpg 696w, https:\/\/fetracomdf.com.br\/site\/wp-content\/uploads\/2023\/06\/IMG_2458-630x420.jpg 630w, https:\/\/fetracomdf.com.br\/site\/wp-content\/uploads\/2023\/06\/IMG_2458.jpg 1000w\" sizes=\"auto, (max-width: 300px) 100vw, 300px\" \/><\/a>\n\t\t\t<\/div><\/figure><figure class='gallery-item'>\n\t\t\t<div class='gallery-icon landscape'>\n\t\t\t\t<a href='https:\/\/fetracomdf.com.br\/site\/wp-content\/uploads\/2023\/06\/IMG_2419.jpg'><img loading=\"lazy\" decoding=\"async\" width=\"300\" height=\"200\" src=\"https:\/\/fetracomdf.com.br\/site\/wp-content\/uploads\/2023\/06\/IMG_2419-300x200.jpg\" class=\"attachment-medium size-medium\" alt=\"\" srcset=\"https:\/\/fetracomdf.com.br\/site\/wp-content\/uploads\/2023\/06\/IMG_2419-300x200.jpg 300w, https:\/\/fetracomdf.com.br\/site\/wp-content\/uploads\/2023\/06\/IMG_2419-768x512.jpg 768w, https:\/\/fetracomdf.com.br\/site\/wp-content\/uploads\/2023\/06\/IMG_2419-696x464.jpg 696w, https:\/\/fetracomdf.com.br\/site\/wp-content\/uploads\/2023\/06\/IMG_2419-630x420.jpg 630w, https:\/\/fetracomdf.com.br\/site\/wp-content\/uploads\/2023\/06\/IMG_2419.jpg 1000w\" sizes=\"auto, (max-width: 300px) 100vw, 300px\" \/><\/a>\n\t\t\t<\/div><\/figure><figure class='gallery-item'>\n\t\t\t<div class='gallery-icon landscape'>\n\t\t\t\t<a href='https:\/\/fetracomdf.com.br\/site\/wp-content\/uploads\/2023\/06\/IMG_2508.jpg'><img loading=\"lazy\" decoding=\"async\" width=\"300\" height=\"200\" src=\"https:\/\/fetracomdf.com.br\/site\/wp-content\/uploads\/2023\/06\/IMG_2508-300x200.jpg\" class=\"attachment-medium size-medium\" alt=\"\" srcset=\"https:\/\/fetracomdf.com.br\/site\/wp-content\/uploads\/2023\/06\/IMG_2508-300x200.jpg 300w, https:\/\/fetracomdf.com.br\/site\/wp-content\/uploads\/2023\/06\/IMG_2508-768x512.jpg 768w, https:\/\/fetracomdf.com.br\/site\/wp-content\/uploads\/2023\/06\/IMG_2508-696x464.jpg 696w, https:\/\/fetracomdf.com.br\/site\/wp-content\/uploads\/2023\/06\/IMG_2508-630x420.jpg 630w, https:\/\/fetracomdf.com.br\/site\/wp-content\/uploads\/2023\/06\/IMG_2508.jpg 1000w\" sizes=\"auto, (max-width: 300px) 100vw, 300px\" \/><\/a>\n\t\t\t<\/div><\/figure><figure class='gallery-item'>\n\t\t\t<div class='gallery-icon landscape'>\n\t\t\t\t<a href='https:\/\/fetracomdf.com.br\/site\/wp-content\/uploads\/2023\/06\/IMG_2607.jpg'><img loading=\"lazy\" decoding=\"async\" width=\"300\" height=\"200\" src=\"https:\/\/fetracomdf.com.br\/site\/wp-content\/uploads\/2023\/06\/IMG_2607-300x200.jpg\" class=\"attachment-medium size-medium\" alt=\"\" srcset=\"https:\/\/fetracomdf.com.br\/site\/wp-content\/uploads\/2023\/06\/IMG_2607-300x200.jpg 300w, https:\/\/fetracomdf.com.br\/site\/wp-content\/uploads\/2023\/06\/IMG_2607-768x512.jpg 768w, https:\/\/fetracomdf.com.br\/site\/wp-content\/uploads\/2023\/06\/IMG_2607-696x464.jpg 696w, https:\/\/fetracomdf.com.br\/site\/wp-content\/uploads\/2023\/06\/IMG_2607-630x420.jpg 630w, https:\/\/fetracomdf.com.br\/site\/wp-content\/uploads\/2023\/06\/IMG_2607.jpg 1000w\" sizes=\"auto, (max-width: 300px) 100vw, 300px\" \/><\/a>\n\t\t\t<\/div><\/figure><figure class='gallery-item'>\n\t\t\t<div class='gallery-icon landscape'>\n\t\t\t\t<a href='https:\/\/fetracomdf.com.br\/site\/wp-content\/uploads\/2023\/06\/IMG_2415.jpg'><img loading=\"lazy\" decoding=\"async\" width=\"300\" height=\"200\" src=\"https:\/\/fetracomdf.com.br\/site\/wp-content\/uploads\/2023\/06\/IMG_2415-300x200.jpg\" class=\"attachment-medium size-medium\" alt=\"\" srcset=\"https:\/\/fetracomdf.com.br\/site\/wp-content\/uploads\/2023\/06\/IMG_2415-300x200.jpg 300w, https:\/\/fetracomdf.com.br\/site\/wp-content\/uploads\/2023\/06\/IMG_2415-768x512.jpg 768w, https:\/\/fetracomdf.com.br\/site\/wp-content\/uploads\/2023\/06\/IMG_2415-696x464.jpg 696w, https:\/\/fetracomdf.com.br\/site\/wp-content\/uploads\/2023\/06\/IMG_2415-630x420.jpg 630w, https:\/\/fetracomdf.com.br\/site\/wp-content\/uploads\/2023\/06\/IMG_2415.jpg 1000w\" sizes=\"auto, (max-width: 300px) 100vw, 300px\" \/><\/a>\n\t\t\t<\/div><\/figure><figure class='gallery-item'>\n\t\t\t<div class='gallery-icon landscape'>\n\t\t\t\t<a href='https:\/\/fetracomdf.com.br\/site\/wp-content\/uploads\/2023\/06\/IMG_2624.jpg'><img loading=\"lazy\" decoding=\"async\" width=\"300\" height=\"200\" src=\"https:\/\/fetracomdf.com.br\/site\/wp-content\/uploads\/2023\/06\/IMG_2624-300x200.jpg\" class=\"attachment-medium size-medium\" alt=\"\" srcset=\"https:\/\/fetracomdf.com.br\/site\/wp-content\/uploads\/2023\/06\/IMG_2624-300x200.jpg 300w, https:\/\/fetracomdf.com.br\/site\/wp-content\/uploads\/2023\/06\/IMG_2624-768x512.jpg 768w, https:\/\/fetracomdf.com.br\/site\/wp-content\/uploads\/2023\/06\/IMG_2624-696x464.jpg 696w, https:\/\/fetracomdf.com.br\/site\/wp-content\/uploads\/2023\/06\/IMG_2624-630x420.jpg 630w, https:\/\/fetracomdf.com.br\/site\/wp-content\/uploads\/2023\/06\/IMG_2624.jpg 1000w\" sizes=\"auto, (max-width: 300px) 100vw, 300px\" \/><\/a>\n\t\t\t<\/div><\/figure><figure class='gallery-item'>\n\t\t\t<div class='gallery-icon landscape'>\n\t\t\t\t<a href='https:\/\/fetracomdf.com.br\/site\/wp-content\/uploads\/2023\/06\/IMG_2611.jpg'><img loading=\"lazy\" decoding=\"async\" width=\"300\" height=\"200\" src=\"https:\/\/fetracomdf.com.br\/site\/wp-content\/uploads\/2023\/06\/IMG_2611-300x200.jpg\" class=\"attachment-medium size-medium\" alt=\"\" srcset=\"https:\/\/fetracomdf.com.br\/site\/wp-content\/uploads\/2023\/06\/IMG_2611-300x200.jpg 300w, https:\/\/fetracomdf.com.br\/site\/wp-content\/uploads\/2023\/06\/IMG_2611-768x512.jpg 768w, https:\/\/fetracomdf.com.br\/site\/wp-content\/uploads\/2023\/06\/IMG_2611-696x464.jpg 696w, https:\/\/fetracomdf.com.br\/site\/wp-content\/uploads\/2023\/06\/IMG_2611-630x420.jpg 630w, https:\/\/fetracomdf.com.br\/site\/wp-content\/uploads\/2023\/06\/IMG_2611.jpg 1000w\" sizes=\"auto, (max-width: 300px) 100vw, 300px\" \/><\/a>\n\t\t\t<\/div><\/figure><figure class='gallery-item'>\n\t\t\t<div class='gallery-icon landscape'>\n\t\t\t\t<a href='https:\/\/fetracomdf.com.br\/site\/wp-content\/uploads\/2023\/06\/IMG_2526.jpg'><img loading=\"lazy\" decoding=\"async\" width=\"300\" height=\"200\" src=\"https:\/\/fetracomdf.com.br\/site\/wp-content\/uploads\/2023\/06\/IMG_2526-300x200.jpg\" class=\"attachment-medium size-medium\" alt=\"\" srcset=\"https:\/\/fetracomdf.com.br\/site\/wp-content\/uploads\/2023\/06\/IMG_2526-300x200.jpg 300w, https:\/\/fetracomdf.com.br\/site\/wp-content\/uploads\/2023\/06\/IMG_2526-768x512.jpg 768w, https:\/\/fetracomdf.com.br\/site\/wp-content\/uploads\/2023\/06\/IMG_2526-696x464.jpg 696w, https:\/\/fetracomdf.com.br\/site\/wp-content\/uploads\/2023\/06\/IMG_2526-630x420.jpg 630w, https:\/\/fetracomdf.com.br\/site\/wp-content\/uploads\/2023\/06\/IMG_2526.jpg 1000w\" sizes=\"auto, (max-width: 300px) 100vw, 300px\" \/><\/a>\n\t\t\t<\/div><\/figure><figure class='gallery-item'>\n\t\t\t<div class='gallery-icon landscape'>\n\t\t\t\t<a href='https:\/\/fetracomdf.com.br\/site\/wp-content\/uploads\/2023\/06\/IMG_2464.jpg'><img loading=\"lazy\" decoding=\"async\" width=\"300\" height=\"200\" src=\"https:\/\/fetracomdf.com.br\/site\/wp-content\/uploads\/2023\/06\/IMG_2464-300x200.jpg\" class=\"attachment-medium size-medium\" alt=\"\" srcset=\"https:\/\/fetracomdf.com.br\/site\/wp-content\/uploads\/2023\/06\/IMG_2464-300x200.jpg 300w, https:\/\/fetracomdf.com.br\/site\/wp-content\/uploads\/2023\/06\/IMG_2464-768x512.jpg 768w, https:\/\/fetracomdf.com.br\/site\/wp-content\/uploads\/2023\/06\/IMG_2464-696x464.jpg 696w, https:\/\/fetracomdf.com.br\/site\/wp-content\/uploads\/2023\/06\/IMG_2464-630x420.jpg 630w, https:\/\/fetracomdf.com.br\/site\/wp-content\/uploads\/2023\/06\/IMG_2464.jpg 1000w\" sizes=\"auto, (max-width: 300px) 100vw, 300px\" \/><\/a>\n\t\t\t<\/div><\/figure><figure class='gallery-item'>\n\t\t\t<div class='gallery-icon landscape'>\n\t\t\t\t<a href='https:\/\/fetracomdf.com.br\/site\/wp-content\/uploads\/2023\/06\/IMG_2452.jpg'><img loading=\"lazy\" decoding=\"async\" width=\"300\" height=\"200\" src=\"https:\/\/fetracomdf.com.br\/site\/wp-content\/uploads\/2023\/06\/IMG_2452-300x200.jpg\" class=\"attachment-medium size-medium\" alt=\"\" srcset=\"https:\/\/fetracomdf.com.br\/site\/wp-content\/uploads\/2023\/06\/IMG_2452-300x200.jpg 300w, https:\/\/fetracomdf.com.br\/site\/wp-content\/uploads\/2023\/06\/IMG_2452-768x512.jpg 768w, https:\/\/fetracomdf.com.br\/site\/wp-content\/uploads\/2023\/06\/IMG_2452-696x464.jpg 696w, https:\/\/fetracomdf.com.br\/site\/wp-content\/uploads\/2023\/06\/IMG_2452-630x420.jpg 630w, https:\/\/fetracomdf.com.br\/site\/wp-content\/uploads\/2023\/06\/IMG_2452.jpg 1000w\" sizes=\"auto, (max-width: 300px) 100vw, 300px\" \/><\/a>\n\t\t\t<\/div><\/figure><figure class='gallery-item'>\n\t\t\t<div class='gallery-icon landscape'>\n\t\t\t\t<a href='https:\/\/fetracomdf.com.br\/site\/wp-content\/uploads\/2023\/06\/IMG_2587.jpg'><img loading=\"lazy\" decoding=\"async\" width=\"300\" height=\"200\" src=\"https:\/\/fetracomdf.com.br\/site\/wp-content\/uploads\/2023\/06\/IMG_2587-300x200.jpg\" class=\"attachment-medium size-medium\" alt=\"\" srcset=\"https:\/\/fetracomdf.com.br\/site\/wp-content\/uploads\/2023\/06\/IMG_2587-300x200.jpg 300w, https:\/\/fetracomdf.com.br\/site\/wp-content\/uploads\/2023\/06\/IMG_2587-768x512.jpg 768w, https:\/\/fetracomdf.com.br\/site\/wp-content\/uploads\/2023\/06\/IMG_2587-696x464.jpg 696w, https:\/\/fetracomdf.com.br\/site\/wp-content\/uploads\/2023\/06\/IMG_2587-630x420.jpg 630w, https:\/\/fetracomdf.com.br\/site\/wp-content\/uploads\/2023\/06\/IMG_2587.jpg 1000w\" sizes=\"auto, (max-width: 300px) 100vw, 300px\" \/><\/a>\n\t\t\t<\/div><\/figure><figure class='gallery-item'>\n\t\t\t<div class='gallery-icon landscape'>\n\t\t\t\t<a href='https:\/\/fetracomdf.com.br\/site\/wp-content\/uploads\/2023\/06\/IMG_2474.jpg'><img loading=\"lazy\" decoding=\"async\" width=\"300\" height=\"200\" src=\"https:\/\/fetracomdf.com.br\/site\/wp-content\/uploads\/2023\/06\/IMG_2474-300x200.jpg\" class=\"attachment-medium size-medium\" alt=\"\" srcset=\"https:\/\/fetracomdf.com.br\/site\/wp-content\/uploads\/2023\/06\/IMG_2474-300x200.jpg 300w, https:\/\/fetracomdf.com.br\/site\/wp-content\/uploads\/2023\/06\/IMG_2474-768x512.jpg 768w, https:\/\/fetracomdf.com.br\/site\/wp-content\/uploads\/2023\/06\/IMG_2474-696x464.jpg 696w, https:\/\/fetracomdf.com.br\/site\/wp-content\/uploads\/2023\/06\/IMG_2474-630x420.jpg 630w, https:\/\/fetracomdf.com.br\/site\/wp-content\/uploads\/2023\/06\/IMG_2474.jpg 1000w\" sizes=\"auto, (max-width: 300px) 100vw, 300px\" \/><\/a>\n\t\t\t<\/div><\/figure><figure class='gallery-item'>\n\t\t\t<div class='gallery-icon landscape'>\n\t\t\t\t<a href='https:\/\/fetracomdf.com.br\/site\/wp-content\/uploads\/2023\/06\/IMG_2561.jpg'><img loading=\"lazy\" decoding=\"async\" width=\"300\" height=\"200\" src=\"https:\/\/fetracomdf.com.br\/site\/wp-content\/uploads\/2023\/06\/IMG_2561-300x200.jpg\" class=\"attachment-medium size-medium\" alt=\"\" srcset=\"https:\/\/fetracomdf.com.br\/site\/wp-content\/uploads\/2023\/06\/IMG_2561-300x200.jpg 300w, https:\/\/fetracomdf.com.br\/site\/wp-content\/uploads\/2023\/06\/IMG_2561-768x512.jpg 768w, https:\/\/fetracomdf.com.br\/site\/wp-content\/uploads\/2023\/06\/IMG_2561-696x464.jpg 696w, https:\/\/fetracomdf.com.br\/site\/wp-content\/uploads\/2023\/06\/IMG_2561-630x420.jpg 630w, https:\/\/fetracomdf.com.br\/site\/wp-content\/uploads\/2023\/06\/IMG_2561.jpg 1000w\" sizes=\"auto, (max-width: 300px) 100vw, 300px\" \/><\/a>\n\t\t\t<\/div><\/figure><figure class='gallery-item'>\n\t\t\t<div class='gallery-icon landscape'>\n\t\t\t\t<a href='https:\/\/fetracomdf.com.br\/site\/wp-content\/uploads\/2023\/06\/IMG_2520.jpg'><img loading=\"lazy\" decoding=\"async\" width=\"300\" height=\"200\" src=\"https:\/\/fetracomdf.com.br\/site\/wp-content\/uploads\/2023\/06\/IMG_2520-300x200.jpg\" class=\"attachment-medium size-medium\" alt=\"\" srcset=\"https:\/\/fetracomdf.com.br\/site\/wp-content\/uploads\/2023\/06\/IMG_2520-300x200.jpg 300w, https:\/\/fetracomdf.com.br\/site\/wp-content\/uploads\/2023\/06\/IMG_2520-768x512.jpg 768w, https:\/\/fetracomdf.com.br\/site\/wp-content\/uploads\/2023\/06\/IMG_2520-696x464.jpg 696w, https:\/\/fetracomdf.com.br\/site\/wp-content\/uploads\/2023\/06\/IMG_2520-630x420.jpg 630w, https:\/\/fetracomdf.com.br\/site\/wp-content\/uploads\/2023\/06\/IMG_2520.jpg 1000w\" sizes=\"auto, (max-width: 300px) 100vw, 300px\" \/><\/a>\n\t\t\t<\/div><\/figure><figure class='gallery-item'>\n\t\t\t<div class='gallery-icon landscape'>\n\t\t\t\t<a href='https:\/\/fetracomdf.com.br\/site\/wp-content\/uploads\/2023\/06\/IMG_2533.jpg'><img loading=\"lazy\" decoding=\"async\" width=\"300\" height=\"200\" src=\"https:\/\/fetracomdf.com.br\/site\/wp-content\/uploads\/2023\/06\/IMG_2533-300x200.jpg\" class=\"attachment-medium size-medium\" alt=\"\" srcset=\"https:\/\/fetracomdf.com.br\/site\/wp-content\/uploads\/2023\/06\/IMG_2533-300x200.jpg 300w, https:\/\/fetracomdf.com.br\/site\/wp-content\/uploads\/2023\/06\/IMG_2533-768x512.jpg 768w, https:\/\/fetracomdf.com.br\/site\/wp-content\/uploads\/2023\/06\/IMG_2533-696x464.jpg 696w, https:\/\/fetracomdf.com.br\/site\/wp-content\/uploads\/2023\/06\/IMG_2533-630x420.jpg 630w, https:\/\/fetracomdf.com.br\/site\/wp-content\/uploads\/2023\/06\/IMG_2533.jpg 1000w\" sizes=\"auto, (max-width: 300px) 100vw, 300px\" \/><\/a>\n\t\t\t<\/div><\/figure><figure class='gallery-item'>\n\t\t\t<div class='gallery-icon landscape'>\n\t\t\t\t<a href='https:\/\/fetracomdf.com.br\/site\/wp-content\/uploads\/2023\/06\/IMG_2542.jpg'><img loading=\"lazy\" decoding=\"async\" width=\"300\" height=\"200\" src=\"https:\/\/fetracomdf.com.br\/site\/wp-content\/uploads\/2023\/06\/IMG_2542-300x200.jpg\" class=\"attachment-medium size-medium\" alt=\"\" srcset=\"https:\/\/fetracomdf.com.br\/site\/wp-content\/uploads\/2023\/06\/IMG_2542-300x200.jpg 300w, https:\/\/fetracomdf.com.br\/site\/wp-content\/uploads\/2023\/06\/IMG_2542-768x512.jpg 768w, https:\/\/fetracomdf.com.br\/site\/wp-content\/uploads\/2023\/06\/IMG_2542-696x464.jpg 696w, https:\/\/fetracomdf.com.br\/site\/wp-content\/uploads\/2023\/06\/IMG_2542-630x420.jpg 630w, https:\/\/fetracomdf.com.br\/site\/wp-content\/uploads\/2023\/06\/IMG_2542.jpg 1000w\" sizes=\"auto, (max-width: 300px) 100vw, 300px\" \/><\/a>\n\t\t\t<\/div><\/figure><figure class='gallery-item'>\n\t\t\t<div class='gallery-icon landscape'>\n\t\t\t\t<a href='https:\/\/fetracomdf.com.br\/site\/wp-content\/uploads\/2023\/06\/IMG_2550.jpg'><img loading=\"lazy\" decoding=\"async\" width=\"300\" height=\"200\" src=\"https:\/\/fetracomdf.com.br\/site\/wp-content\/uploads\/2023\/06\/IMG_2550-300x200.jpg\" class=\"attachment-medium size-medium\" alt=\"\" srcset=\"https:\/\/fetracomdf.com.br\/site\/wp-content\/uploads\/2023\/06\/IMG_2550-300x200.jpg 300w, https:\/\/fetracomdf.com.br\/site\/wp-content\/uploads\/2023\/06\/IMG_2550-768x512.jpg 768w, https:\/\/fetracomdf.com.br\/site\/wp-content\/uploads\/2023\/06\/IMG_2550-696x464.jpg 696w, https:\/\/fetracomdf.com.br\/site\/wp-content\/uploads\/2023\/06\/IMG_2550-630x420.jpg 630w, https:\/\/fetracomdf.com.br\/site\/wp-content\/uploads\/2023\/06\/IMG_2550.jpg 1000w\" sizes=\"auto, (max-width: 300px) 100vw, 300px\" \/><\/a>\n\t\t\t<\/div><\/figure><figure class='gallery-item'>\n\t\t\t<div class='gallery-icon landscape'>\n\t\t\t\t<a href='https:\/\/fetracomdf.com.br\/site\/wp-content\/uploads\/2023\/06\/IMG_2580.jpg'><img loading=\"lazy\" decoding=\"async\" width=\"300\" height=\"200\" src=\"https:\/\/fetracomdf.com.br\/site\/wp-content\/uploads\/2023\/06\/IMG_2580-300x200.jpg\" class=\"attachment-medium size-medium\" alt=\"\" srcset=\"https:\/\/fetracomdf.com.br\/site\/wp-content\/uploads\/2023\/06\/IMG_2580-300x200.jpg 300w, https:\/\/fetracomdf.com.br\/site\/wp-content\/uploads\/2023\/06\/IMG_2580-768x512.jpg 768w, https:\/\/fetracomdf.com.br\/site\/wp-content\/uploads\/2023\/06\/IMG_2580-696x464.jpg 696w, https:\/\/fetracomdf.com.br\/site\/wp-content\/uploads\/2023\/06\/IMG_2580-630x420.jpg 630w, https:\/\/fetracomdf.com.br\/site\/wp-content\/uploads\/2023\/06\/IMG_2580.jpg 1000w\" sizes=\"auto, (max-width: 300px) 100vw, 300px\" \/><\/a>\n\t\t\t<\/div><\/figure>\n\t\t<\/div>\n\n","protected":false},"excerpt":{"rendered":"<p>Durante os dias 26 e 27 de maio, no Clube dos Comerci\u00e1rios, aconteceu o IV Congresso da Federa\u00e7\u00e3o dos Trabalhadores no Com\u00e9rcio e Servi\u00e7os do Distrito Federal (Fetracom-DF). O evento reuniu representantes sindicais, lideran\u00e7as e trabalhadores para discutir as conquistas e os pr\u00f3ximos passos do movimento em defesa dos direitos trabalhistas. No primeiro dia, a [&hellip;]<\/p>\n","protected":false},"author":1,"featured_media":2506,"comment_status":"open","ping_status":"open","sticky":false,"template":"","format":"standard","meta":{"footnotes":""},"categories":[219],"tags":[73],"class_list":{"0":"post-2478","1":"post","2":"type-post","3":"status-publish","4":"format-standard","5":"has-post-thumbnail","7":"category-nossa-forca-vem-da-uniao","8":"tag-destaque"},"yoast_head":"<!-- This site is optimized with the Yoast SEO plugin v22.5 - https:\/\/yoast.com\/wordpress\/plugins\/seo\/ -->\n<title>IV Congresso da Fetracom-DF fortalece luta pelos direitos dos trabalhadores e trabalhadoras do com\u00e9rcio e servi\u00e7os no Distrito Federal - FETRACOM-DF<\/title>\n<meta name=\"robots\" content=\"index, follow, max-snippet:-1, max-image-preview:large, max-video-preview:-1\" \/>\n<link rel=\"canonical\" href=\"https:\/\/fetracomdf.com.br\/site\/iv-congresso-da-fetracom-df-fortalece-luta-pelos-direitos-dos-trabalhadores-e-trabalhadoras-do-comercio-e-servicos-no-distrito-federal\/\" \/>\n<meta property=\"og:locale\" content=\"pt_PT\" \/>\n<meta property=\"og:type\" content=\"article\" \/>\n<meta property=\"og:title\" content=\"IV Congresso da Fetracom-DF fortalece luta pelos direitos dos trabalhadores e trabalhadoras do com\u00e9rcio e servi\u00e7os no Distrito Federal - FETRACOM-DF\" \/>\n<meta property=\"og:description\" content=\"Durante os dias 26 e 27 de maio, no Clube dos Comerci\u00e1rios, aconteceu o IV Congresso da Federa\u00e7\u00e3o dos Trabalhadores no Com\u00e9rcio e Servi\u00e7os do Distrito Federal (Fetracom-DF). O evento reuniu representantes sindicais, lideran\u00e7as e trabalhadores para discutir as conquistas e os pr\u00f3ximos passos do movimento em defesa dos direitos trabalhistas. No primeiro dia, a [&hellip;]\" \/>\n<meta property=\"og:url\" content=\"https:\/\/fetracomdf.com.br\/site\/iv-congresso-da-fetracom-df-fortalece-luta-pelos-direitos-dos-trabalhadores-e-trabalhadoras-do-comercio-e-servicos-no-distrito-federal\/\" \/>\n<meta property=\"og:site_name\" content=\"FETRACOM-DF\" \/>\n<meta property=\"article:published_time\" content=\"2023-05-27T22:37:39+00:00\" \/>\n<meta property=\"article:modified_time\" content=\"2023-06-15T23:06:29+00:00\" \/>\n<meta property=\"og:image\" content=\"https:\/\/fetracomdf.com.br\/site\/wp-content\/uploads\/2023\/06\/IMG_2636.jpg\" \/>\n\t<meta property=\"og:image:width\" content=\"1000\" \/>\n\t<meta property=\"og:image:height\" content=\"667\" \/>\n\t<meta property=\"og:image:type\" content=\"image\/jpeg\" \/>\n<meta name=\"author\" content=\"admin\" \/>\n<meta name=\"twitter:card\" content=\"summary_large_image\" \/>\n<meta name=\"twitter:label1\" content=\"Escrito por\" \/>\n\t<meta name=\"twitter:data1\" content=\"admin\" \/>\n\t<meta name=\"twitter:label2\" content=\"Tempo estimado de leitura\" \/>\n\t<meta name=\"twitter:data2\" content=\"2 minutos\" \/>\n<script type=\"application\/ld+json\" class=\"yoast-schema-graph\">{\"@context\":\"https:\/\/schema.org\",\"@graph\":[{\"@type\":\"WebPage\",\"@id\":\"https:\/\/fetracomdf.com.br\/site\/iv-congresso-da-fetracom-df-fortalece-luta-pelos-direitos-dos-trabalhadores-e-trabalhadoras-do-comercio-e-servicos-no-distrito-federal\/\",\"url\":\"https:\/\/fetracomdf.com.br\/site\/iv-congresso-da-fetracom-df-fortalece-luta-pelos-direitos-dos-trabalhadores-e-trabalhadoras-do-comercio-e-servicos-no-distrito-federal\/\",\"name\":\"IV Congresso da Fetracom-DF fortalece luta pelos direitos dos trabalhadores e trabalhadoras do com\u00e9rcio e servi\u00e7os no Distrito Federal - FETRACOM-DF\",\"isPartOf\":{\"@id\":\"https:\/\/fetracomdf.com.br\/site\/#website\"},\"primaryImageOfPage\":{\"@id\":\"https:\/\/fetracomdf.com.br\/site\/iv-congresso-da-fetracom-df-fortalece-luta-pelos-direitos-dos-trabalhadores-e-trabalhadoras-do-comercio-e-servicos-no-distrito-federal\/#primaryimage\"},\"image\":{\"@id\":\"https:\/\/fetracomdf.com.br\/site\/iv-congresso-da-fetracom-df-fortalece-luta-pelos-direitos-dos-trabalhadores-e-trabalhadoras-do-comercio-e-servicos-no-distrito-federal\/#primaryimage\"},\"thumbnailUrl\":\"https:\/\/fetracomdf.com.br\/site\/wp-content\/uploads\/2023\/06\/IMG_2636.jpg\",\"datePublished\":\"2023-05-27T22:37:39+00:00\",\"dateModified\":\"2023-06-15T23:06:29+00:00\",\"author\":{\"@id\":\"https:\/\/fetracomdf.com.br\/site\/#\/schema\/person\/ff34f4a99c21b2d2470dc3c9ad876aba\"},\"breadcrumb\":{\"@id\":\"https:\/\/fetracomdf.com.br\/site\/iv-congresso-da-fetracom-df-fortalece-luta-pelos-direitos-dos-trabalhadores-e-trabalhadoras-do-comercio-e-servicos-no-distrito-federal\/#breadcrumb\"},\"inLanguage\":\"pt-PT\",\"potentialAction\":[{\"@type\":\"ReadAction\",\"target\":[\"https:\/\/fetracomdf.com.br\/site\/iv-congresso-da-fetracom-df-fortalece-luta-pelos-direitos-dos-trabalhadores-e-trabalhadoras-do-comercio-e-servicos-no-distrito-federal\/\"]}]},{\"@type\":\"ImageObject\",\"inLanguage\":\"pt-PT\",\"@id\":\"https:\/\/fetracomdf.com.br\/site\/iv-congresso-da-fetracom-df-fortalece-luta-pelos-direitos-dos-trabalhadores-e-trabalhadoras-do-comercio-e-servicos-no-distrito-federal\/#primaryimage\",\"url\":\"https:\/\/fetracomdf.com.br\/site\/wp-content\/uploads\/2023\/06\/IMG_2636.jpg\",\"contentUrl\":\"https:\/\/fetracomdf.com.br\/site\/wp-content\/uploads\/2023\/06\/IMG_2636.jpg\",\"width\":1000,\"height\":667},{\"@type\":\"BreadcrumbList\",\"@id\":\"https:\/\/fetracomdf.com.br\/site\/iv-congresso-da-fetracom-df-fortalece-luta-pelos-direitos-dos-trabalhadores-e-trabalhadoras-do-comercio-e-servicos-no-distrito-federal\/#breadcrumb\",\"itemListElement\":[{\"@type\":\"ListItem\",\"position\":1,\"name\":\"In\u00edcio\",\"item\":\"https:\/\/fetracomdf.com.br\/site\/\"},{\"@type\":\"ListItem\",\"position\":2,\"name\":\"IV Congresso da Fetracom-DF fortalece luta pelos direitos dos trabalhadores e trabalhadoras do com\u00e9rcio e servi\u00e7os no Distrito Federal\"}]},{\"@type\":\"WebSite\",\"@id\":\"https:\/\/fetracomdf.com.br\/site\/#website\",\"url\":\"https:\/\/fetracomdf.com.br\/site\/\",\"name\":\"FETRACOM-DF\",\"description\":\"Federa\u00e7\u00e3o dos Trabalhadores no Com\u00e9rcio e Servi\u00e7os do DF\",\"potentialAction\":[{\"@type\":\"SearchAction\",\"target\":{\"@type\":\"EntryPoint\",\"urlTemplate\":\"https:\/\/fetracomdf.com.br\/site\/?s={search_term_string}\"},\"query-input\":\"required name=search_term_string\"}],\"inLanguage\":\"pt-PT\"},{\"@type\":\"Person\",\"@id\":\"https:\/\/fetracomdf.com.br\/site\/#\/schema\/person\/ff34f4a99c21b2d2470dc3c9ad876aba\",\"name\":\"admin\",\"image\":{\"@type\":\"ImageObject\",\"inLanguage\":\"pt-PT\",\"@id\":\"https:\/\/fetracomdf.com.br\/site\/#\/schema\/person\/image\/\",\"url\":\"https:\/\/secure.gravatar.com\/avatar\/1683b7fd567d7eb1b0b61927c478b658e15aae2b4bc17db06d10248de884431a?s=96&d=mm&r=g\",\"contentUrl\":\"https:\/\/secure.gravatar.com\/avatar\/1683b7fd567d7eb1b0b61927c478b658e15aae2b4bc17db06d10248de884431a?s=96&d=mm&r=g\",\"caption\":\"admin\"},\"sameAs\":[\"https:\/\/canseideracao.com.br\/site\"],\"url\":\"https:\/\/fetracomdf.com.br\/site\/author\/admin\/\"}]}<\/script>\n<!-- \/ Yoast SEO plugin. -->","yoast_head_json":{"title":"IV Congresso da Fetracom-DF fortalece luta pelos direitos dos trabalhadores e trabalhadoras do com\u00e9rcio e servi\u00e7os no Distrito Federal - FETRACOM-DF","robots":{"index":"index","follow":"follow","max-snippet":"max-snippet:-1","max-image-preview":"max-image-preview:large","max-video-preview":"max-video-preview:-1"},"canonical":"https:\/\/fetracomdf.com.br\/site\/iv-congresso-da-fetracom-df-fortalece-luta-pelos-direitos-dos-trabalhadores-e-trabalhadoras-do-comercio-e-servicos-no-distrito-federal\/","og_locale":"pt_PT","og_type":"article","og_title":"IV Congresso da Fetracom-DF fortalece luta pelos direitos dos trabalhadores e trabalhadoras do com\u00e9rcio e servi\u00e7os no Distrito Federal - FETRACOM-DF","og_description":"Durante os dias 26 e 27 de maio, no Clube dos Comerci\u00e1rios, aconteceu o IV Congresso da Federa\u00e7\u00e3o dos Trabalhadores no Com\u00e9rcio e Servi\u00e7os do Distrito Federal (Fetracom-DF). O evento reuniu representantes sindicais, lideran\u00e7as e trabalhadores para discutir as conquistas e os pr\u00f3ximos passos do movimento em defesa dos direitos trabalhistas. No primeiro dia, a [&hellip;]","og_url":"https:\/\/fetracomdf.com.br\/site\/iv-congresso-da-fetracom-df-fortalece-luta-pelos-direitos-dos-trabalhadores-e-trabalhadoras-do-comercio-e-servicos-no-distrito-federal\/","og_site_name":"FETRACOM-DF","article_published_time":"2023-05-27T22:37:39+00:00","article_modified_time":"2023-06-15T23:06:29+00:00","og_image":[{"width":1000,"height":667,"url":"https:\/\/fetracomdf.com.br\/site\/wp-content\/uploads\/2023\/06\/IMG_2636.jpg","type":"image\/jpeg"}],"author":"admin","twitter_card":"summary_large_image","twitter_misc":{"Escrito por":"admin","Tempo estimado de leitura":"2 minutos"},"schema":{"@context":"https:\/\/schema.org","@graph":[{"@type":"WebPage","@id":"https:\/\/fetracomdf.com.br\/site\/iv-congresso-da-fetracom-df-fortalece-luta-pelos-direitos-dos-trabalhadores-e-trabalhadoras-do-comercio-e-servicos-no-distrito-federal\/","url":"https:\/\/fetracomdf.com.br\/site\/iv-congresso-da-fetracom-df-fortalece-luta-pelos-direitos-dos-trabalhadores-e-trabalhadoras-do-comercio-e-servicos-no-distrito-federal\/","name":"IV Congresso da Fetracom-DF fortalece luta pelos direitos dos trabalhadores e trabalhadoras do com\u00e9rcio e servi\u00e7os no Distrito Federal - FETRACOM-DF","isPartOf":{"@id":"https:\/\/fetracomdf.com.br\/site\/#website"},"primaryImageOfPage":{"@id":"https:\/\/fetracomdf.com.br\/site\/iv-congresso-da-fetracom-df-fortalece-luta-pelos-direitos-dos-trabalhadores-e-trabalhadoras-do-comercio-e-servicos-no-distrito-federal\/#primaryimage"},"image":{"@id":"https:\/\/fetracomdf.com.br\/site\/iv-congresso-da-fetracom-df-fortalece-luta-pelos-direitos-dos-trabalhadores-e-trabalhadoras-do-comercio-e-servicos-no-distrito-federal\/#primaryimage"},"thumbnailUrl":"https:\/\/fetracomdf.com.br\/site\/wp-content\/uploads\/2023\/06\/IMG_2636.jpg","datePublished":"2023-05-27T22:37:39+00:00","dateModified":"2023-06-15T23:06:29+00:00","author":{"@id":"https:\/\/fetracomdf.com.br\/site\/#\/schema\/person\/ff34f4a99c21b2d2470dc3c9ad876aba"},"breadcrumb":{"@id":"https:\/\/fetracomdf.com.br\/site\/iv-congresso-da-fetracom-df-fortalece-luta-pelos-direitos-dos-trabalhadores-e-trabalhadoras-do-comercio-e-servicos-no-distrito-federal\/#breadcrumb"},"inLanguage":"pt-PT","potentialAction":[{"@type":"ReadAction","target":["https:\/\/fetracomdf.com.br\/site\/iv-congresso-da-fetracom-df-fortalece-luta-pelos-direitos-dos-trabalhadores-e-trabalhadoras-do-comercio-e-servicos-no-distrito-federal\/"]}]},{"@type":"ImageObject","inLanguage":"pt-PT","@id":"https:\/\/fetracomdf.com.br\/site\/iv-congresso-da-fetracom-df-fortalece-luta-pelos-direitos-dos-trabalhadores-e-trabalhadoras-do-comercio-e-servicos-no-distrito-federal\/#primaryimage","url":"https:\/\/fetracomdf.com.br\/site\/wp-content\/uploads\/2023\/06\/IMG_2636.jpg","contentUrl":"https:\/\/fetracomdf.com.br\/site\/wp-content\/uploads\/2023\/06\/IMG_2636.jpg","width":1000,"height":667},{"@type":"BreadcrumbList","@id":"https:\/\/fetracomdf.com.br\/site\/iv-congresso-da-fetracom-df-fortalece-luta-pelos-direitos-dos-trabalhadores-e-trabalhadoras-do-comercio-e-servicos-no-distrito-federal\/#breadcrumb","itemListElement":[{"@type":"ListItem","position":1,"name":"In\u00edcio","item":"https:\/\/fetracomdf.com.br\/site\/"},{"@type":"ListItem","position":2,"name":"IV Congresso da Fetracom-DF fortalece luta pelos direitos dos trabalhadores e trabalhadoras do com\u00e9rcio e servi\u00e7os no Distrito Federal"}]},{"@type":"WebSite","@id":"https:\/\/fetracomdf.com.br\/site\/#website","url":"https:\/\/fetracomdf.com.br\/site\/","name":"FETRACOM-DF","description":"Federa\u00e7\u00e3o dos Trabalhadores no Com\u00e9rcio e Servi\u00e7os do DF","potentialAction":[{"@type":"SearchAction","target":{"@type":"EntryPoint","urlTemplate":"https:\/\/fetracomdf.com.br\/site\/?s={search_term_string}"},"query-input":"required name=search_term_string"}],"inLanguage":"pt-PT"},{"@type":"Person","@id":"https:\/\/fetracomdf.com.br\/site\/#\/schema\/person\/ff34f4a99c21b2d2470dc3c9ad876aba","name":"admin","image":{"@type":"ImageObject","inLanguage":"pt-PT","@id":"https:\/\/fetracomdf.com.br\/site\/#\/schema\/person\/image\/","url":"https:\/\/secure.gravatar.com\/avatar\/1683b7fd567d7eb1b0b61927c478b658e15aae2b4bc17db06d10248de884431a?s=96&d=mm&r=g","contentUrl":"https:\/\/secure.gravatar.com\/avatar\/1683b7fd567d7eb1b0b61927c478b658e15aae2b4bc17db06d10248de884431a?s=96&d=mm&r=g","caption":"admin"},"sameAs":["https:\/\/canseideracao.com.br\/site"],"url":"https:\/\/fetracomdf.com.br\/site\/author\/admin\/"}]}},"_links":{"self":[{"href":"https:\/\/fetracomdf.com.br\/site\/wp-json\/wp\/v2\/posts\/2478","targetHints":{"allow":["GET"]}}],"collection":[{"href":"https:\/\/fetracomdf.com.br\/site\/wp-json\/wp\/v2\/posts"}],"about":[{"href":"https:\/\/fetracomdf.com.br\/site\/wp-json\/wp\/v2\/types\/post"}],"author":[{"embeddable":true,"href":"https:\/\/fetracomdf.com.br\/site\/wp-json\/wp\/v2\/users\/1"}],"replies":[{"embeddable":true,"href":"https:\/\/fetracomdf.com.br\/site\/wp-json\/wp\/v2\/comments?post=2478"}],"version-history":[{"count":1,"href":"https:\/\/fetracomdf.com.br\/site\/wp-json\/wp\/v2\/posts\/2478\/revisions"}],"predecessor-version":[{"id":2507,"href":"https:\/\/fetracomdf.com.br\/site\/wp-json\/wp\/v2\/posts\/2478\/revisions\/2507"}],"wp:featuredmedia":[{"embeddable":true,"href":"https:\/\/fetracomdf.com.br\/site\/wp-json\/wp\/v2\/media\/2506"}],"wp:attachment":[{"href":"https:\/\/fetracomdf.com.br\/site\/wp-json\/wp\/v2\/media?parent=2478"}],"wp:term":[{"taxonomy":"category","embeddable":true,"href":"https:\/\/fetracomdf.com.br\/site\/wp-json\/wp\/v2\/categories?post=2478"},{"taxonomy":"post_tag","embeddable":true,"href":"https:\/\/fetracomdf.com.br\/site\/wp-json\/wp\/v2\/tags?post=2478"}],"curies":[{"name":"wp","href":"https:\/\/api.w.org\/{rel}","templated":true}]}}