{"id":2653,"date":"2023-11-10T17:14:17","date_gmt":"2023-11-10T17:14:17","guid":{"rendered":"https:\/\/fetracomdf.com.br\/site\/?p=2653"},"modified":"2023-11-10T17:17:17","modified_gmt":"2023-11-10T17:17:17","slug":"fetracom-df-na-luta-pelo-direito-das-mulheres-ao-domingo-de-folga","status":"publish","type":"post","link":"https:\/\/fetracomdf.com.br\/site\/fetracom-df-na-luta-pelo-direito-das-mulheres-ao-domingo-de-folga\/","title":{"rendered":"Fetracom-DF na luta pelo direito das mulheres ao domingo de folga"},"content":{"rendered":"<p style=\"margin: 9.0pt 0cm 0cm 0cm;\"><span style=\"font-family: Roboto; color: #111111;\">O domingo \u00e9 um dia especial para muitas mulheres, que aproveitam para descansar, cuidar da fam\u00edlia, da casa, da sa\u00fade e do lazer. Mas nem todas t\u00eam esse privil\u00e9gio. Muitas trabalhadoras do com\u00e9rcio e do setor de servi\u00e7os s\u00e3o obrigadas a trabalhar aos domingos, sem respeitar a escala 1&#215;1, que garante a folga em domingos alternados, conforme prev\u00ea o artigo 386 da CLT.<\/span><\/p>\n<p style=\"user-select: text; word-break: break-word; line-height: var(--cib-type-body2-line-height); font-variation-settings: var(--cib-type-body2-font-variation-settings); font-variant-ligatures: normal; font-variant-caps: normal; orphans: 2; text-align: start; widows: 2; -webkit-text-stroke-width: 0px; background-color: rgba(255, 255, 255, 0.7); text-decoration-thickness: initial; text-decoration-style: initial; text-decoration-color: initial; word-spacing: 0px; margin: 9.0pt 0cm 0cm 0cm;\"><span style=\"font-family: Roboto; color: #111111;\">Para combater essa situa\u00e7\u00e3o, Fetracom-DF se juntou \u00e0 campanha nacional \u201cN\u00e3o mexa no meu domingo\u201d, que visa conscientizar e mobilizar as mulheres sobre esse direito conquistado h\u00e1 80 anos. A campanha \u00e9 uma iniciativa do Instituto Lavoro, da CUT, de sindicatos e de entidades da sociedade civil.<\/span><\/p>\n<p style=\"user-select: text; word-break: break-word; line-height: var(--cib-type-body2-line-height); font-variation-settings: var(--cib-type-body2-font-variation-settings); font-variant-ligatures: normal; font-variant-caps: normal; orphans: 2; text-align: start; widows: 2; -webkit-text-stroke-width: 0px; background-color: rgba(255, 255, 255, 0.7); text-decoration-thickness: initial; text-decoration-style: initial; text-decoration-color: initial; word-spacing: 0px; margin: 9.0pt 0cm 0cm 0cm;\"><span style=\"font-family: Roboto; color: #111111;\">A Fetracom-DF afirmou que a campanha \u00e9 essencial para garantir a dignidade e a qualidade de vida das mulheres, que s\u00e3o maioria na categoria e que sofrem com a dupla ou tripla jornada de trabalho.<\/span><\/p>\n<p style=\"user-select: text; word-break: break-word; line-height: var(--cib-type-body2-line-height); font-variation-settings: var(--cib-type-body2-font-variation-settings); font-variant-ligatures: normal; font-variant-caps: normal; orphans: 2; text-align: start; widows: 2; -webkit-text-stroke-width: 0px; background-color: rgba(255, 255, 255, 0.7); text-decoration-thickness: initial; text-decoration-style: initial; text-decoration-color: initial; word-spacing: 0px; margin: 9.0pt 0cm 0cm 0cm;\"><span style=\"font-family: Roboto; color: #111111;\">O presidente da entidade, Alberto Oliveira, disse que foi uma vit\u00f3ria importante, mas que ainda h\u00e1 muito a ser feito para garantir o cumprimento desse direito na pr\u00e1tica.<\/span><\/p>\n<p style=\"user-select: text; word-break: break-word; line-height: var(--cib-type-body2-line-height); font-variation-settings: var(--cib-type-body2-font-variation-settings); font-variant-ligatures: normal; font-variant-caps: normal; orphans: 2; text-align: start; widows: 2; -webkit-text-stroke-width: 0px; background-color: rgba(255, 255, 255, 0.7); text-decoration-thickness: initial; text-decoration-style: initial; text-decoration-color: initial; word-spacing: 0px; margin: 9.0pt 0cm 0cm 0cm;\"><span style=\"font-family: Roboto; color: #111111;\">\u201cMuitos empregadores ignoram ou desrespeitam a lei, e muitas trabalhadoras desconhecem ou t\u00eam medo de reivindicar esse direito. Por isso, precisamos fazer uma ampla campanha de informa\u00e7\u00e3o e de mobiliza\u00e7\u00e3o, para que as mulheres saibam que o direito de trabalhar um domingo e folgar no pr\u00f3ximo \u00e9 delas, e que elas podem contar com o apoio da federa\u00e7\u00e3o para fazer valer esse direito\u201d, declarou.<\/p>\n<p><\/span><\/p>\n<p>#N\u00e3omexacomomeudomingo<\/p>\n<p style=\"user-select: text; word-break: break-word; line-height: var(--cib-type-body2-line-height); font-variation-settings: var(--cib-type-body2-font-variation-settings); font-variant-ligatures: normal; font-variant-caps: normal; orphans: 2; text-align: start; widows: 2; -webkit-text-stroke-width: 0px; background-color: rgba(255, 255, 255, 0.7); text-decoration-thickness: initial; text-decoration-style: initial; text-decoration-color: initial; word-spacing: 0px; margin: 9.0pt 0cm 0cm 0cm;\"><span style=\"font-family: Roboto; color: #111111;\">\u00a0<\/span><\/p>\n","protected":false},"excerpt":{"rendered":"<p>O domingo \u00e9 um dia especial para muitas mulheres, que aproveitam para descansar, cuidar da fam\u00edlia, da casa, da sa\u00fade e do lazer. Mas nem todas t\u00eam esse privil\u00e9gio. Muitas trabalhadoras do com\u00e9rcio e do setor de servi\u00e7os s\u00e3o obrigadas a trabalhar aos domingos, sem respeitar a escala 1&#215;1, que garante a folga em domingos [&hellip;]<\/p>\n","protected":false},"author":2,"featured_media":2654,"comment_status":"open","ping_status":"open","sticky":false,"template":"","format":"standard","meta":{"footnotes":""},"categories":[260],"tags":[73],"class_list":{"0":"post-2653","1":"post","2":"type-post","3":"status-publish","4":"format-standard","5":"has-post-thumbnail","7":"category-em-defesa-da-categoria","8":"tag-destaque"},"yoast_head":"<!-- This site is optimized with the Yoast SEO plugin v22.5 - https:\/\/yoast.com\/wordpress\/plugins\/seo\/ -->\n<title>Fetracom-DF na luta pelo direito das mulheres ao domingo de folga - FETRACOM-DF<\/title>\n<meta name=\"robots\" content=\"index, follow, max-snippet:-1, max-image-preview:large, max-video-preview:-1\" \/>\n<link rel=\"canonical\" href=\"https:\/\/fetracomdf.com.br\/site\/fetracom-df-na-luta-pelo-direito-das-mulheres-ao-domingo-de-folga\/\" \/>\n<meta property=\"og:locale\" content=\"pt_PT\" \/>\n<meta property=\"og:type\" content=\"article\" \/>\n<meta property=\"og:title\" content=\"Fetracom-DF na luta pelo direito das mulheres ao domingo de folga - FETRACOM-DF\" \/>\n<meta property=\"og:description\" content=\"O domingo \u00e9 um dia especial para muitas mulheres, que aproveitam para descansar, cuidar da fam\u00edlia, da casa, da sa\u00fade e do lazer. Mas nem todas t\u00eam esse privil\u00e9gio. Muitas trabalhadoras do com\u00e9rcio e do setor de servi\u00e7os s\u00e3o obrigadas a trabalhar aos domingos, sem respeitar a escala 1&#215;1, que garante a folga em domingos [&hellip;]\" \/>\n<meta property=\"og:url\" content=\"https:\/\/fetracomdf.com.br\/site\/fetracom-df-na-luta-pelo-direito-das-mulheres-ao-domingo-de-folga\/\" \/>\n<meta property=\"og:site_name\" content=\"FETRACOM-DF\" \/>\n<meta property=\"article:published_time\" content=\"2023-11-10T17:14:17+00:00\" \/>\n<meta property=\"article:modified_time\" content=\"2023-11-10T17:17:17+00:00\" \/>\n<meta property=\"og:image\" content=\"https:\/\/fetracomdf.com.br\/site\/wp-content\/uploads\/2023\/11\/img20.jpg\" \/>\n\t<meta property=\"og:image:width\" content=\"700\" \/>\n\t<meta property=\"og:image:height\" content=\"494\" \/>\n\t<meta property=\"og:image:type\" content=\"image\/jpeg\" \/>\n<meta name=\"author\" content=\"FETRACOM-DF\" \/>\n<meta name=\"twitter:card\" content=\"summary_large_image\" \/>\n<meta name=\"twitter:label1\" content=\"Escrito por\" \/>\n\t<meta name=\"twitter:data1\" content=\"FETRACOM-DF\" \/>\n\t<meta name=\"twitter:label2\" content=\"Tempo estimado de leitura\" \/>\n\t<meta name=\"twitter:data2\" content=\"2 minutos\" \/>\n<script type=\"application\/ld+json\" class=\"yoast-schema-graph\">{\"@context\":\"https:\/\/schema.org\",\"@graph\":[{\"@type\":\"WebPage\",\"@id\":\"https:\/\/fetracomdf.com.br\/site\/fetracom-df-na-luta-pelo-direito-das-mulheres-ao-domingo-de-folga\/\",\"url\":\"https:\/\/fetracomdf.com.br\/site\/fetracom-df-na-luta-pelo-direito-das-mulheres-ao-domingo-de-folga\/\",\"name\":\"Fetracom-DF na luta pelo direito das mulheres ao domingo de folga - FETRACOM-DF\",\"isPartOf\":{\"@id\":\"https:\/\/fetracomdf.com.br\/site\/#website\"},\"primaryImageOfPage\":{\"@id\":\"https:\/\/fetracomdf.com.br\/site\/fetracom-df-na-luta-pelo-direito-das-mulheres-ao-domingo-de-folga\/#primaryimage\"},\"image\":{\"@id\":\"https:\/\/fetracomdf.com.br\/site\/fetracom-df-na-luta-pelo-direito-das-mulheres-ao-domingo-de-folga\/#primaryimage\"},\"thumbnailUrl\":\"https:\/\/fetracomdf.com.br\/site\/wp-content\/uploads\/2023\/11\/img20.jpg\",\"datePublished\":\"2023-11-10T17:14:17+00:00\",\"dateModified\":\"2023-11-10T17:17:17+00:00\",\"author\":{\"@id\":\"https:\/\/fetracomdf.com.br\/site\/#\/schema\/person\/35554dfeaf9961b61a56171f7b19309a\"},\"breadcrumb\":{\"@id\":\"https:\/\/fetracomdf.com.br\/site\/fetracom-df-na-luta-pelo-direito-das-mulheres-ao-domingo-de-folga\/#breadcrumb\"},\"inLanguage\":\"pt-PT\",\"potentialAction\":[{\"@type\":\"ReadAction\",\"target\":[\"https:\/\/fetracomdf.com.br\/site\/fetracom-df-na-luta-pelo-direito-das-mulheres-ao-domingo-de-folga\/\"]}]},{\"@type\":\"ImageObject\",\"inLanguage\":\"pt-PT\",\"@id\":\"https:\/\/fetracomdf.com.br\/site\/fetracom-df-na-luta-pelo-direito-das-mulheres-ao-domingo-de-folga\/#primaryimage\",\"url\":\"https:\/\/fetracomdf.com.br\/site\/wp-content\/uploads\/2023\/11\/img20.jpg\",\"contentUrl\":\"https:\/\/fetracomdf.com.br\/site\/wp-content\/uploads\/2023\/11\/img20.jpg\",\"width\":700,\"height\":494},{\"@type\":\"BreadcrumbList\",\"@id\":\"https:\/\/fetracomdf.com.br\/site\/fetracom-df-na-luta-pelo-direito-das-mulheres-ao-domingo-de-folga\/#breadcrumb\",\"itemListElement\":[{\"@type\":\"ListItem\",\"position\":1,\"name\":\"In\u00edcio\",\"item\":\"https:\/\/fetracomdf.com.br\/site\/\"},{\"@type\":\"ListItem\",\"position\":2,\"name\":\"Fetracom-DF na luta pelo direito das mulheres ao domingo de folga\"}]},{\"@type\":\"WebSite\",\"@id\":\"https:\/\/fetracomdf.com.br\/site\/#website\",\"url\":\"https:\/\/fetracomdf.com.br\/site\/\",\"name\":\"FETRACOM-DF\",\"description\":\"Federa\u00e7\u00e3o dos Trabalhadores no Com\u00e9rcio e Servi\u00e7os do DF\",\"potentialAction\":[{\"@type\":\"SearchAction\",\"target\":{\"@type\":\"EntryPoint\",\"urlTemplate\":\"https:\/\/fetracomdf.com.br\/site\/?s={search_term_string}\"},\"query-input\":\"required name=search_term_string\"}],\"inLanguage\":\"pt-PT\"},{\"@type\":\"Person\",\"@id\":\"https:\/\/fetracomdf.com.br\/site\/#\/schema\/person\/35554dfeaf9961b61a56171f7b19309a\",\"name\":\"FETRACOM-DF\",\"image\":{\"@type\":\"ImageObject\",\"inLanguage\":\"pt-PT\",\"@id\":\"https:\/\/fetracomdf.com.br\/site\/#\/schema\/person\/image\/\",\"url\":\"https:\/\/secure.gravatar.com\/avatar\/4a6f01e05b29b9a50f60d71d48947a25557f8f66dd2334bb41d707e1a794da71?s=96&d=mm&r=g\",\"contentUrl\":\"https:\/\/secure.gravatar.com\/avatar\/4a6f01e05b29b9a50f60d71d48947a25557f8f66dd2334bb41d707e1a794da71?s=96&d=mm&r=g\",\"caption\":\"FETRACOM-DF\"},\"url\":\"https:\/\/fetracomdf.com.br\/site\/author\/fetracom\/\"}]}<\/script>\n<!-- \/ Yoast SEO plugin. -->","yoast_head_json":{"title":"Fetracom-DF na luta pelo direito das mulheres ao domingo de folga - FETRACOM-DF","robots":{"index":"index","follow":"follow","max-snippet":"max-snippet:-1","max-image-preview":"max-image-preview:large","max-video-preview":"max-video-preview:-1"},"canonical":"https:\/\/fetracomdf.com.br\/site\/fetracom-df-na-luta-pelo-direito-das-mulheres-ao-domingo-de-folga\/","og_locale":"pt_PT","og_type":"article","og_title":"Fetracom-DF na luta pelo direito das mulheres ao domingo de folga - FETRACOM-DF","og_description":"O domingo \u00e9 um dia especial para muitas mulheres, que aproveitam para descansar, cuidar da fam\u00edlia, da casa, da sa\u00fade e do lazer. Mas nem todas t\u00eam esse privil\u00e9gio. Muitas trabalhadoras do com\u00e9rcio e do setor de servi\u00e7os s\u00e3o obrigadas a trabalhar aos domingos, sem respeitar a escala 1&#215;1, que garante a folga em domingos [&hellip;]","og_url":"https:\/\/fetracomdf.com.br\/site\/fetracom-df-na-luta-pelo-direito-das-mulheres-ao-domingo-de-folga\/","og_site_name":"FETRACOM-DF","article_published_time":"2023-11-10T17:14:17+00:00","article_modified_time":"2023-11-10T17:17:17+00:00","og_image":[{"width":700,"height":494,"url":"https:\/\/fetracomdf.com.br\/site\/wp-content\/uploads\/2023\/11\/img20.jpg","type":"image\/jpeg"}],"author":"FETRACOM-DF","twitter_card":"summary_large_image","twitter_misc":{"Escrito por":"FETRACOM-DF","Tempo estimado de leitura":"2 minutos"},"schema":{"@context":"https:\/\/schema.org","@graph":[{"@type":"WebPage","@id":"https:\/\/fetracomdf.com.br\/site\/fetracom-df-na-luta-pelo-direito-das-mulheres-ao-domingo-de-folga\/","url":"https:\/\/fetracomdf.com.br\/site\/fetracom-df-na-luta-pelo-direito-das-mulheres-ao-domingo-de-folga\/","name":"Fetracom-DF na luta pelo direito das mulheres ao domingo de folga - FETRACOM-DF","isPartOf":{"@id":"https:\/\/fetracomdf.com.br\/site\/#website"},"primaryImageOfPage":{"@id":"https:\/\/fetracomdf.com.br\/site\/fetracom-df-na-luta-pelo-direito-das-mulheres-ao-domingo-de-folga\/#primaryimage"},"image":{"@id":"https:\/\/fetracomdf.com.br\/site\/fetracom-df-na-luta-pelo-direito-das-mulheres-ao-domingo-de-folga\/#primaryimage"},"thumbnailUrl":"https:\/\/fetracomdf.com.br\/site\/wp-content\/uploads\/2023\/11\/img20.jpg","datePublished":"2023-11-10T17:14:17+00:00","dateModified":"2023-11-10T17:17:17+00:00","author":{"@id":"https:\/\/fetracomdf.com.br\/site\/#\/schema\/person\/35554dfeaf9961b61a56171f7b19309a"},"breadcrumb":{"@id":"https:\/\/fetracomdf.com.br\/site\/fetracom-df-na-luta-pelo-direito-das-mulheres-ao-domingo-de-folga\/#breadcrumb"},"inLanguage":"pt-PT","potentialAction":[{"@type":"ReadAction","target":["https:\/\/fetracomdf.com.br\/site\/fetracom-df-na-luta-pelo-direito-das-mulheres-ao-domingo-de-folga\/"]}]},{"@type":"ImageObject","inLanguage":"pt-PT","@id":"https:\/\/fetracomdf.com.br\/site\/fetracom-df-na-luta-pelo-direito-das-mulheres-ao-domingo-de-folga\/#primaryimage","url":"https:\/\/fetracomdf.com.br\/site\/wp-content\/uploads\/2023\/11\/img20.jpg","contentUrl":"https:\/\/fetracomdf.com.br\/site\/wp-content\/uploads\/2023\/11\/img20.jpg","width":700,"height":494},{"@type":"BreadcrumbList","@id":"https:\/\/fetracomdf.com.br\/site\/fetracom-df-na-luta-pelo-direito-das-mulheres-ao-domingo-de-folga\/#breadcrumb","itemListElement":[{"@type":"ListItem","position":1,"name":"In\u00edcio","item":"https:\/\/fetracomdf.com.br\/site\/"},{"@type":"ListItem","position":2,"name":"Fetracom-DF na luta pelo direito das mulheres ao domingo de folga"}]},{"@type":"WebSite","@id":"https:\/\/fetracomdf.com.br\/site\/#website","url":"https:\/\/fetracomdf.com.br\/site\/","name":"FETRACOM-DF","description":"Federa\u00e7\u00e3o dos Trabalhadores no Com\u00e9rcio e Servi\u00e7os do DF","potentialAction":[{"@type":"SearchAction","target":{"@type":"EntryPoint","urlTemplate":"https:\/\/fetracomdf.com.br\/site\/?s={search_term_string}"},"query-input":"required name=search_term_string"}],"inLanguage":"pt-PT"},{"@type":"Person","@id":"https:\/\/fetracomdf.com.br\/site\/#\/schema\/person\/35554dfeaf9961b61a56171f7b19309a","name":"FETRACOM-DF","image":{"@type":"ImageObject","inLanguage":"pt-PT","@id":"https:\/\/fetracomdf.com.br\/site\/#\/schema\/person\/image\/","url":"https:\/\/secure.gravatar.com\/avatar\/4a6f01e05b29b9a50f60d71d48947a25557f8f66dd2334bb41d707e1a794da71?s=96&d=mm&r=g","contentUrl":"https:\/\/secure.gravatar.com\/avatar\/4a6f01e05b29b9a50f60d71d48947a25557f8f66dd2334bb41d707e1a794da71?s=96&d=mm&r=g","caption":"FETRACOM-DF"},"url":"https:\/\/fetracomdf.com.br\/site\/author\/fetracom\/"}]}},"_links":{"self":[{"href":"https:\/\/fetracomdf.com.br\/site\/wp-json\/wp\/v2\/posts\/2653","targetHints":{"allow":["GET"]}}],"collection":[{"href":"https:\/\/fetracomdf.com.br\/site\/wp-json\/wp\/v2\/posts"}],"about":[{"href":"https:\/\/fetracomdf.com.br\/site\/wp-json\/wp\/v2\/types\/post"}],"author":[{"embeddable":true,"href":"https:\/\/fetracomdf.com.br\/site\/wp-json\/wp\/v2\/users\/2"}],"replies":[{"embeddable":true,"href":"https:\/\/fetracomdf.com.br\/site\/wp-json\/wp\/v2\/comments?post=2653"}],"version-history":[{"count":2,"href":"https:\/\/fetracomdf.com.br\/site\/wp-json\/wp\/v2\/posts\/2653\/revisions"}],"predecessor-version":[{"id":2656,"href":"https:\/\/fetracomdf.com.br\/site\/wp-json\/wp\/v2\/posts\/2653\/revisions\/2656"}],"wp:featuredmedia":[{"embeddable":true,"href":"https:\/\/fetracomdf.com.br\/site\/wp-json\/wp\/v2\/media\/2654"}],"wp:attachment":[{"href":"https:\/\/fetracomdf.com.br\/site\/wp-json\/wp\/v2\/media?parent=2653"}],"wp:term":[{"taxonomy":"category","embeddable":true,"href":"https:\/\/fetracomdf.com.br\/site\/wp-json\/wp\/v2\/categories?post=2653"},{"taxonomy":"post_tag","embeddable":true,"href":"https:\/\/fetracomdf.com.br\/site\/wp-json\/wp\/v2\/tags?post=2653"}],"curies":[{"name":"wp","href":"https:\/\/api.w.org\/{rel}","templated":true}]}}