{"id":495,"date":"2015-02-25T15:12:31","date_gmt":"2015-02-25T15:12:31","guid":{"rendered":"http:\/\/fetracomdf.com.br\/site\/?p=495"},"modified":"2015-02-25T15:12:31","modified_gmt":"2015-02-25T15:12:31","slug":"fetracom-df-apoia-movimento-em-defesa-da-petrobras","status":"publish","type":"post","link":"https:\/\/fetracomdf.com.br\/site\/fetracom-df-apoia-movimento-em-defesa-da-petrobras\/","title":{"rendered":"Fetracom-DF apoia movimento em defesa da Petrobras"},"content":{"rendered":"<p><span style=\"font-size: small; font-family: 'times new roman', times;\">A Federa\u00e7\u00e3o dos Trabalhadores no Com\u00e9rcio e Setor de Servi\u00e7os do DF participou hoje (25\/02\/15) de ato em defesa da Petrobras, que ocorreu na sede brasiliense da empresa, no Setor de Autarquias Norte.\u00a0Para a federa\u00e7\u00e3o, a empresa tem sido alvo de ataques para for\u00e7ar a perda de competitividade e at\u00e9 mesmo a privatiza\u00e7\u00e3o.\u00a0\u201cN\u00e3o se pode\u00a0utilizar os casos em investiga\u00e7\u00e3o para atacar a empresa, como est\u00e3o fazendo\u201d, avaliou Washington Neves, presidente da Fetracom-DF.\u00a0\u201cOs brasileiros precisam estar ciente do processo de desvaloriza\u00e7\u00e3o da empresa com o objetivo de se aproveitar da situa\u00e7\u00e3o\u201d, completou.\u00a0<\/span><\/p>\n<div><span style=\"font-size: small; font-family: 'times new roman', times;\">O ato, organizado pela CUT-DF, reuniu mais de 200 trabalhadores de diversos segmentos. A\u00a0coordenadora geral do Sindicato Unificado dos Petroleiros do estado de S\u00e3o Paulo \u2013 Sindpetro, Cibele Vieira,\u00a0tamb\u00e9m avaliou que a empresa est\u00e1 sendo v\u00edtima de ataques especulativos para inviabiliz\u00e1-la economicamente.\u00a0\u201cO que est\u00e1 em jogo n\u00e3o \u00e9 a quest\u00e3o da corrup\u00e7\u00e3o, mas os intriguistas que querem levar o nosso petr\u00f3leo, querem encurralar a Petrobr\u00e1s e querem, com isso, tamb\u00e9m barrar a economia toda. Est\u00e3o usando as regras do mercado, est\u00e3o usando o discurso da corrup\u00e7\u00e3o para desvalorizar a empresa. Enquanto dizem para a popula\u00e7\u00e3o que est\u00e3o salvando a Petrobras, eles est\u00e3o enterrando a Petrobras e entregando ela para os Estados Unidos\u201d, \u00a0disse.<\/span><span style=\"font-size: small; font-family: 'times new roman', times;\">\u00a0<\/span><\/div>\n<div><span style=\"font-size: small; font-family: 'times new roman', times;\">A presidente do Sindicom-DF, Geralda Godinho, tamb\u00e9m compareceu ao ato em defesa da Petrobras. De\u00a0acordo com ela, a empresa vem batendo recordes de produ\u00e7\u00e3o e j\u00e1 se preparava para ser a maior empresa de produ\u00e7\u00e3o de petr\u00f3leo do mundo.\u00a0\u201c\u00c9 claro que isso incomoda os interesses de empresas de outros pa\u00edses e \u00e9 \u00f3bvio que o que est\u00e1 ocorrendo aqui \u00e9 uma articula\u00e7\u00e3o para evitar que a Petrobras se torne a l\u00edder de mercado. Mas, n\u00f3s, trabalhadores, n\u00e3o vamos permitir isso\u201d, declarou.<\/span><\/div>\n<div><span style=\"font-size: small; font-family: 'times new roman', times;\">Durante o ato, o dirigente da CUT nacional, Jacy Afonso, falou sobre a legitimidade da manifesta\u00e7\u00e3o que, segundo ele, \u00e9 desvinculada de interesses partid\u00e1rios, assim como as demais mobiliza\u00e7\u00f5es que t\u00eam ocorrido ao longo das \u00faltimas semanas. \u201cN\u00f3s da CUT temos um importante papel junto \u00e0 nossa milit\u00e2ncia, que \u00e9 o de n\u00e3o confundir governo, partido e sindicato. Nesse momento, estamos nos mobilizando contra as medidas provis\u00f3rias 664 e 665 (do Governo Federal), contra a abertura de capital da Caixa e \u00e0 favor de uma Petrobr\u00e1s 100% brasileira. Essa \u00e9 uma tarefa de todos os partidos e organiza\u00e7\u00f5es de esquerda\u201d, concluiu o dirigente sindical.<\/span><\/div>\n<div>\u00a0Com informa\u00e7\u00f5es da CUT-DF<\/div>\n","protected":false},"excerpt":{"rendered":"<p>A Federa\u00e7\u00e3o dos Trabalhadores no Com\u00e9rcio e Setor de Servi\u00e7os do DF participou hoje (25\/02\/15) de ato em defesa da Petrobras, que ocorreu na sede brasiliense da empresa, no Setor de Autarquias Norte.\u00a0Para a federa\u00e7\u00e3o, a empresa tem sido alvo de ataques para for\u00e7ar a perda de competitividade e at\u00e9 mesmo a privatiza\u00e7\u00e3o.\u00a0\u201cN\u00e3o se pode\u00a0utilizar [&hellip;]<\/p>\n","protected":false},"author":2,"featured_media":496,"comment_status":"open","ping_status":"open","sticky":false,"template":"","format":"standard","meta":{"footnotes":""},"categories":[30],"tags":[],"class_list":{"0":"post-495","1":"post","2":"type-post","3":"status-publish","4":"format-standard","5":"has-post-thumbnail","7":"category-politica"},"yoast_head":"<!-- This site is optimized with the Yoast SEO plugin v22.5 - https:\/\/yoast.com\/wordpress\/plugins\/seo\/ -->\n<title>Fetracom-DF apoia movimento em defesa da Petrobras - FETRACOM-DF<\/title>\n<meta name=\"robots\" content=\"index, follow, max-snippet:-1, max-image-preview:large, max-video-preview:-1\" \/>\n<link rel=\"canonical\" href=\"https:\/\/fetracomdf.com.br\/site\/fetracom-df-apoia-movimento-em-defesa-da-petrobras\/\" \/>\n<meta property=\"og:locale\" content=\"pt_PT\" \/>\n<meta property=\"og:type\" content=\"article\" \/>\n<meta property=\"og:title\" content=\"Fetracom-DF apoia movimento em defesa da Petrobras - FETRACOM-DF\" \/>\n<meta property=\"og:description\" content=\"A Federa\u00e7\u00e3o dos Trabalhadores no Com\u00e9rcio e Setor de Servi\u00e7os do DF participou hoje (25\/02\/15) de ato em defesa da Petrobras, que ocorreu na sede brasiliense da empresa, no Setor de Autarquias Norte.\u00a0Para a federa\u00e7\u00e3o, a empresa tem sido alvo de ataques para for\u00e7ar a perda de competitividade e at\u00e9 mesmo a privatiza\u00e7\u00e3o.\u00a0\u201cN\u00e3o se pode\u00a0utilizar [&hellip;]\" \/>\n<meta property=\"og:url\" content=\"https:\/\/fetracomdf.com.br\/site\/fetracom-df-apoia-movimento-em-defesa-da-petrobras\/\" \/>\n<meta property=\"og:site_name\" content=\"FETRACOM-DF\" \/>\n<meta property=\"article:published_time\" content=\"2015-02-25T15:12:31+00:00\" \/>\n<meta property=\"og:image\" content=\"https:\/\/fetracomdf.com.br\/site\/wp-content\/uploads\/2015\/12\/FullSizeRender_1.jpg\" \/>\n\t<meta property=\"og:image:width\" content=\"713\" \/>\n\t<meta property=\"og:image:height\" content=\"535\" \/>\n\t<meta property=\"og:image:type\" content=\"image\/jpeg\" \/>\n<meta name=\"author\" content=\"FETRACOM-DF\" \/>\n<meta name=\"twitter:card\" content=\"summary_large_image\" \/>\n<meta name=\"twitter:label1\" content=\"Escrito por\" \/>\n\t<meta name=\"twitter:data1\" content=\"FETRACOM-DF\" \/>\n\t<meta name=\"twitter:label2\" content=\"Tempo estimado de leitura\" \/>\n\t<meta name=\"twitter:data2\" content=\"2 minutos\" \/>\n<script type=\"application\/ld+json\" class=\"yoast-schema-graph\">{\"@context\":\"https:\/\/schema.org\",\"@graph\":[{\"@type\":\"WebPage\",\"@id\":\"https:\/\/fetracomdf.com.br\/site\/fetracom-df-apoia-movimento-em-defesa-da-petrobras\/\",\"url\":\"https:\/\/fetracomdf.com.br\/site\/fetracom-df-apoia-movimento-em-defesa-da-petrobras\/\",\"name\":\"Fetracom-DF apoia movimento em defesa da Petrobras - FETRACOM-DF\",\"isPartOf\":{\"@id\":\"https:\/\/fetracomdf.com.br\/site\/#website\"},\"primaryImageOfPage\":{\"@id\":\"https:\/\/fetracomdf.com.br\/site\/fetracom-df-apoia-movimento-em-defesa-da-petrobras\/#primaryimage\"},\"image\":{\"@id\":\"https:\/\/fetracomdf.com.br\/site\/fetracom-df-apoia-movimento-em-defesa-da-petrobras\/#primaryimage\"},\"thumbnailUrl\":\"https:\/\/fetracomdf.com.br\/site\/wp-content\/uploads\/2015\/12\/FullSizeRender_1.jpg\",\"datePublished\":\"2015-02-25T15:12:31+00:00\",\"dateModified\":\"2015-02-25T15:12:31+00:00\",\"author\":{\"@id\":\"https:\/\/fetracomdf.com.br\/site\/#\/schema\/person\/35554dfeaf9961b61a56171f7b19309a\"},\"breadcrumb\":{\"@id\":\"https:\/\/fetracomdf.com.br\/site\/fetracom-df-apoia-movimento-em-defesa-da-petrobras\/#breadcrumb\"},\"inLanguage\":\"pt-PT\",\"potentialAction\":[{\"@type\":\"ReadAction\",\"target\":[\"https:\/\/fetracomdf.com.br\/site\/fetracom-df-apoia-movimento-em-defesa-da-petrobras\/\"]}]},{\"@type\":\"ImageObject\",\"inLanguage\":\"pt-PT\",\"@id\":\"https:\/\/fetracomdf.com.br\/site\/fetracom-df-apoia-movimento-em-defesa-da-petrobras\/#primaryimage\",\"url\":\"https:\/\/fetracomdf.com.br\/site\/wp-content\/uploads\/2015\/12\/FullSizeRender_1.jpg\",\"contentUrl\":\"https:\/\/fetracomdf.com.br\/site\/wp-content\/uploads\/2015\/12\/FullSizeRender_1.jpg\",\"width\":713,\"height\":535},{\"@type\":\"BreadcrumbList\",\"@id\":\"https:\/\/fetracomdf.com.br\/site\/fetracom-df-apoia-movimento-em-defesa-da-petrobras\/#breadcrumb\",\"itemListElement\":[{\"@type\":\"ListItem\",\"position\":1,\"name\":\"In\u00edcio\",\"item\":\"https:\/\/fetracomdf.com.br\/site\/\"},{\"@type\":\"ListItem\",\"position\":2,\"name\":\"Fetracom-DF apoia movimento em defesa da Petrobras\"}]},{\"@type\":\"WebSite\",\"@id\":\"https:\/\/fetracomdf.com.br\/site\/#website\",\"url\":\"https:\/\/fetracomdf.com.br\/site\/\",\"name\":\"FETRACOM-DF\",\"description\":\"Federa\u00e7\u00e3o dos Trabalhadores no Com\u00e9rcio e Servi\u00e7os do DF\",\"potentialAction\":[{\"@type\":\"SearchAction\",\"target\":{\"@type\":\"EntryPoint\",\"urlTemplate\":\"https:\/\/fetracomdf.com.br\/site\/?s={search_term_string}\"},\"query-input\":\"required name=search_term_string\"}],\"inLanguage\":\"pt-PT\"},{\"@type\":\"Person\",\"@id\":\"https:\/\/fetracomdf.com.br\/site\/#\/schema\/person\/35554dfeaf9961b61a56171f7b19309a\",\"name\":\"FETRACOM-DF\",\"image\":{\"@type\":\"ImageObject\",\"inLanguage\":\"pt-PT\",\"@id\":\"https:\/\/fetracomdf.com.br\/site\/#\/schema\/person\/image\/\",\"url\":\"https:\/\/secure.gravatar.com\/avatar\/4a6f01e05b29b9a50f60d71d48947a25557f8f66dd2334bb41d707e1a794da71?s=96&d=mm&r=g\",\"contentUrl\":\"https:\/\/secure.gravatar.com\/avatar\/4a6f01e05b29b9a50f60d71d48947a25557f8f66dd2334bb41d707e1a794da71?s=96&d=mm&r=g\",\"caption\":\"FETRACOM-DF\"},\"url\":\"https:\/\/fetracomdf.com.br\/site\/author\/fetracom\/\"}]}<\/script>\n<!-- \/ Yoast SEO plugin. -->","yoast_head_json":{"title":"Fetracom-DF apoia movimento em defesa da Petrobras - FETRACOM-DF","robots":{"index":"index","follow":"follow","max-snippet":"max-snippet:-1","max-image-preview":"max-image-preview:large","max-video-preview":"max-video-preview:-1"},"canonical":"https:\/\/fetracomdf.com.br\/site\/fetracom-df-apoia-movimento-em-defesa-da-petrobras\/","og_locale":"pt_PT","og_type":"article","og_title":"Fetracom-DF apoia movimento em defesa da Petrobras - FETRACOM-DF","og_description":"A Federa\u00e7\u00e3o dos Trabalhadores no Com\u00e9rcio e Setor de Servi\u00e7os do DF participou hoje (25\/02\/15) de ato em defesa da Petrobras, que ocorreu na sede brasiliense da empresa, no Setor de Autarquias Norte.\u00a0Para a federa\u00e7\u00e3o, a empresa tem sido alvo de ataques para for\u00e7ar a perda de competitividade e at\u00e9 mesmo a privatiza\u00e7\u00e3o.\u00a0\u201cN\u00e3o se pode\u00a0utilizar [&hellip;]","og_url":"https:\/\/fetracomdf.com.br\/site\/fetracom-df-apoia-movimento-em-defesa-da-petrobras\/","og_site_name":"FETRACOM-DF","article_published_time":"2015-02-25T15:12:31+00:00","og_image":[{"width":713,"height":535,"url":"https:\/\/fetracomdf.com.br\/site\/wp-content\/uploads\/2015\/12\/FullSizeRender_1.jpg","type":"image\/jpeg"}],"author":"FETRACOM-DF","twitter_card":"summary_large_image","twitter_misc":{"Escrito por":"FETRACOM-DF","Tempo estimado de leitura":"2 minutos"},"schema":{"@context":"https:\/\/schema.org","@graph":[{"@type":"WebPage","@id":"https:\/\/fetracomdf.com.br\/site\/fetracom-df-apoia-movimento-em-defesa-da-petrobras\/","url":"https:\/\/fetracomdf.com.br\/site\/fetracom-df-apoia-movimento-em-defesa-da-petrobras\/","name":"Fetracom-DF apoia movimento em defesa da Petrobras - FETRACOM-DF","isPartOf":{"@id":"https:\/\/fetracomdf.com.br\/site\/#website"},"primaryImageOfPage":{"@id":"https:\/\/fetracomdf.com.br\/site\/fetracom-df-apoia-movimento-em-defesa-da-petrobras\/#primaryimage"},"image":{"@id":"https:\/\/fetracomdf.com.br\/site\/fetracom-df-apoia-movimento-em-defesa-da-petrobras\/#primaryimage"},"thumbnailUrl":"https:\/\/fetracomdf.com.br\/site\/wp-content\/uploads\/2015\/12\/FullSizeRender_1.jpg","datePublished":"2015-02-25T15:12:31+00:00","dateModified":"2015-02-25T15:12:31+00:00","author":{"@id":"https:\/\/fetracomdf.com.br\/site\/#\/schema\/person\/35554dfeaf9961b61a56171f7b19309a"},"breadcrumb":{"@id":"https:\/\/fetracomdf.com.br\/site\/fetracom-df-apoia-movimento-em-defesa-da-petrobras\/#breadcrumb"},"inLanguage":"pt-PT","potentialAction":[{"@type":"ReadAction","target":["https:\/\/fetracomdf.com.br\/site\/fetracom-df-apoia-movimento-em-defesa-da-petrobras\/"]}]},{"@type":"ImageObject","inLanguage":"pt-PT","@id":"https:\/\/fetracomdf.com.br\/site\/fetracom-df-apoia-movimento-em-defesa-da-petrobras\/#primaryimage","url":"https:\/\/fetracomdf.com.br\/site\/wp-content\/uploads\/2015\/12\/FullSizeRender_1.jpg","contentUrl":"https:\/\/fetracomdf.com.br\/site\/wp-content\/uploads\/2015\/12\/FullSizeRender_1.jpg","width":713,"height":535},{"@type":"BreadcrumbList","@id":"https:\/\/fetracomdf.com.br\/site\/fetracom-df-apoia-movimento-em-defesa-da-petrobras\/#breadcrumb","itemListElement":[{"@type":"ListItem","position":1,"name":"In\u00edcio","item":"https:\/\/fetracomdf.com.br\/site\/"},{"@type":"ListItem","position":2,"name":"Fetracom-DF apoia movimento em defesa da Petrobras"}]},{"@type":"WebSite","@id":"https:\/\/fetracomdf.com.br\/site\/#website","url":"https:\/\/fetracomdf.com.br\/site\/","name":"FETRACOM-DF","description":"Federa\u00e7\u00e3o dos Trabalhadores no Com\u00e9rcio e Servi\u00e7os do DF","potentialAction":[{"@type":"SearchAction","target":{"@type":"EntryPoint","urlTemplate":"https:\/\/fetracomdf.com.br\/site\/?s={search_term_string}"},"query-input":"required name=search_term_string"}],"inLanguage":"pt-PT"},{"@type":"Person","@id":"https:\/\/fetracomdf.com.br\/site\/#\/schema\/person\/35554dfeaf9961b61a56171f7b19309a","name":"FETRACOM-DF","image":{"@type":"ImageObject","inLanguage":"pt-PT","@id":"https:\/\/fetracomdf.com.br\/site\/#\/schema\/person\/image\/","url":"https:\/\/secure.gravatar.com\/avatar\/4a6f01e05b29b9a50f60d71d48947a25557f8f66dd2334bb41d707e1a794da71?s=96&d=mm&r=g","contentUrl":"https:\/\/secure.gravatar.com\/avatar\/4a6f01e05b29b9a50f60d71d48947a25557f8f66dd2334bb41d707e1a794da71?s=96&d=mm&r=g","caption":"FETRACOM-DF"},"url":"https:\/\/fetracomdf.com.br\/site\/author\/fetracom\/"}]}},"_links":{"self":[{"href":"https:\/\/fetracomdf.com.br\/site\/wp-json\/wp\/v2\/posts\/495","targetHints":{"allow":["GET"]}}],"collection":[{"href":"https:\/\/fetracomdf.com.br\/site\/wp-json\/wp\/v2\/posts"}],"about":[{"href":"https:\/\/fetracomdf.com.br\/site\/wp-json\/wp\/v2\/types\/post"}],"author":[{"embeddable":true,"href":"https:\/\/fetracomdf.com.br\/site\/wp-json\/wp\/v2\/users\/2"}],"replies":[{"embeddable":true,"href":"https:\/\/fetracomdf.com.br\/site\/wp-json\/wp\/v2\/comments?post=495"}],"version-history":[{"count":0,"href":"https:\/\/fetracomdf.com.br\/site\/wp-json\/wp\/v2\/posts\/495\/revisions"}],"wp:featuredmedia":[{"embeddable":true,"href":"https:\/\/fetracomdf.com.br\/site\/wp-json\/wp\/v2\/media\/496"}],"wp:attachment":[{"href":"https:\/\/fetracomdf.com.br\/site\/wp-json\/wp\/v2\/media?parent=495"}],"wp:term":[{"taxonomy":"category","embeddable":true,"href":"https:\/\/fetracomdf.com.br\/site\/wp-json\/wp\/v2\/categories?post=495"},{"taxonomy":"post_tag","embeddable":true,"href":"https:\/\/fetracomdf.com.br\/site\/wp-json\/wp\/v2\/tags?post=495"}],"curies":[{"name":"wp","href":"https:\/\/api.w.org\/{rel}","templated":true}]}}