{"id":501,"date":"2014-10-29T16:03:28","date_gmt":"2014-10-29T16:03:28","guid":{"rendered":"http:\/\/fetracomdf.com.br\/site\/?p=501"},"modified":"2014-10-29T16:03:28","modified_gmt":"2014-10-29T16:03:28","slug":"assembleia-geral-do-sindiservicos-df","status":"publish","type":"post","link":"https:\/\/fetracomdf.com.br\/site\/assembleia-geral-do-sindiservicos-df\/","title":{"rendered":"Assembl\u00e9ia Geral do Sindiservi\u00e7os-DF"},"content":{"rendered":"<p class=\"MsoNormal\" style=\"text-align: justify;\"><span style=\"font-size: medium;\">O Sindicato dos Empregados em Empresas de Asseio, Conserva\u00e7\u00e3o, Trabalho Tempor\u00e1rio, Presta\u00e7\u00e3o e Servi\u00e7os Terceiriz\u00e1veis no Distrito Federal (Sindiservi\u00e7os-DF) convoca todas as trabalhadoras e todos os trabalhadores terceirizados do Distrito Federal para a realiza\u00e7\u00e3o da Assembl\u00e9ia Geral da Data-Base 2015, que ser\u00e1 realizada no dia 05 de novembro (quarta-feira), a partir das 17h, no estacionamento do Teatro Nacional de Bras\u00edlia \u2013 ao lado da Rodovi\u00e1ria, do Plano Piloto.<\/span><\/p>\n<p class=\"MsoNormal\" style=\"text-align: justify;\"><span style=\"font-size: medium;\">\u00a0<\/span><span style=\"font-size: medium;\">Cada um de n\u00f3s ser\u00e1 respons\u00e1vel em demonstrar for\u00e7a e organiza\u00e7\u00e3o no seu local de trabalho e convencer nossos colegas sobre a responsabilidade da sua participa\u00e7\u00e3o nas decis\u00f5es que s\u00e3o aprovadas na assembleia da Data-Base. <\/span><\/p>\n<p class=\"MsoNormal\" style=\"text-align: justify;\"><span style=\"font-size: medium;\">\u00a0<\/span><span style=\"font-size: medium;\">O Sindiservi\u00e7os-DF, como nos anos anteriores, estar\u00e1 disponibilizando \u00f4nibus para os trabalhadores residentes nas Cidades Sat\u00e9lites. Busque informa\u00e7\u00f5es pelo telefone (61) 3224-0447. Ou entre em contato com os diretores do Sindiservi\u00e7os-DF.<\/span><\/p>\n<p class=\"MsoNormal\" style=\"text-align: justify;\"><span style=\"font-size: medium;\">\u00a0<\/span><span style=\"font-size: medium;\">Nossa Campanha Salarial ser\u00e1 vitoriosa, mas depende da nossa mobiliza\u00e7\u00e3o e consci\u00eancia de classe. <\/span><\/p>\n<p class=\"MsoNormal\" style=\"text-align: justify;\"><span style=\"font-size: medium;\">Unidos somos mais fortes!!!<\/span><\/p>\n<p class=\"MsoNormal\"><span style=\"font-size: medium;\"><strong>Assembleia Geral ( Data-base 2015)<\/strong><\/span><\/p>\n<p class=\"MsoNormal\" style=\"text-align: left;\"><span style=\"font-size: medium;\"><strong>Data: 5 de novembro (quarta-feira)<\/strong><\/span><\/p>\n<p class=\"MsoNormal\" style=\"text-align: left;\"><span style=\"font-size: medium;\"><strong>Hor\u00e1rio: 17h<\/strong><\/span><\/p>\n<p class=\"MsoNormal\" style=\"text-align: left;\"><span style=\"font-size: medium;\"><strong>Local: No estacionamento do Teatro Nacional de Bras\u00edlia &#8211; Ao lado da Rodovi\u00e1ria do Plano Piloto.<\/strong><\/span><\/p>\n","protected":false},"excerpt":{"rendered":"<p>O Sindicato dos Empregados em Empresas de Asseio, Conserva\u00e7\u00e3o, Trabalho Tempor\u00e1rio, Presta\u00e7\u00e3o e Servi\u00e7os Terceiriz\u00e1veis no Distrito Federal (Sindiservi\u00e7os-DF) convoca todas as trabalhadoras e todos os trabalhadores terceirizados do Distrito Federal para a realiza\u00e7\u00e3o da Assembl\u00e9ia Geral da Data-Base 2015, que ser\u00e1 realizada no dia 05 de novembro (quarta-feira), a partir das 17h, no estacionamento [&hellip;]<\/p>\n","protected":false},"author":2,"featured_media":502,"comment_status":"open","ping_status":"open","sticky":false,"template":"","format":"standard","meta":{"footnotes":""},"categories":[28],"tags":[],"class_list":{"0":"post-501","1":"post","2":"type-post","3":"status-publish","4":"format-standard","5":"has-post-thumbnail","7":"category-luta-sindical"},"yoast_head":"<!-- This site is optimized with the Yoast SEO plugin v22.5 - https:\/\/yoast.com\/wordpress\/plugins\/seo\/ -->\n<title>Assembl\u00e9ia Geral do Sindiservi\u00e7os-DF - FETRACOM-DF<\/title>\n<meta name=\"robots\" content=\"index, follow, max-snippet:-1, max-image-preview:large, max-video-preview:-1\" \/>\n<link rel=\"canonical\" href=\"https:\/\/fetracomdf.com.br\/site\/assembleia-geral-do-sindiservicos-df\/\" \/>\n<meta property=\"og:locale\" content=\"pt_PT\" \/>\n<meta property=\"og:type\" content=\"article\" \/>\n<meta property=\"og:title\" content=\"Assembl\u00e9ia Geral do Sindiservi\u00e7os-DF - FETRACOM-DF\" \/>\n<meta property=\"og:description\" content=\"O Sindicato dos Empregados em Empresas de Asseio, Conserva\u00e7\u00e3o, Trabalho Tempor\u00e1rio, Presta\u00e7\u00e3o e Servi\u00e7os Terceiriz\u00e1veis no Distrito Federal (Sindiservi\u00e7os-DF) convoca todas as trabalhadoras e todos os trabalhadores terceirizados do Distrito Federal para a realiza\u00e7\u00e3o da Assembl\u00e9ia Geral da Data-Base 2015, que ser\u00e1 realizada no dia 05 de novembro (quarta-feira), a partir das 17h, no estacionamento [&hellip;]\" \/>\n<meta property=\"og:url\" content=\"https:\/\/fetracomdf.com.br\/site\/assembleia-geral-do-sindiservicos-df\/\" \/>\n<meta property=\"og:site_name\" content=\"FETRACOM-DF\" \/>\n<meta property=\"article:published_time\" content=\"2014-10-29T16:03:28+00:00\" \/>\n<meta property=\"og:image\" content=\"https:\/\/fetracomdf.com.br\/site\/wp-content\/uploads\/2015\/12\/2014_-_Banner_Assembleia_Data_Base_2015_modificado.jpg\" \/>\n\t<meta property=\"og:image:width\" content=\"721\" \/>\n\t<meta property=\"og:image:height\" content=\"510\" \/>\n\t<meta property=\"og:image:type\" content=\"image\/jpeg\" \/>\n<meta name=\"author\" content=\"FETRACOM-DF\" \/>\n<meta name=\"twitter:card\" content=\"summary_large_image\" \/>\n<meta name=\"twitter:label1\" content=\"Escrito por\" \/>\n\t<meta name=\"twitter:data1\" content=\"FETRACOM-DF\" \/>\n\t<meta name=\"twitter:label2\" content=\"Tempo estimado de leitura\" \/>\n\t<meta name=\"twitter:data2\" content=\"1 minuto\" \/>\n<script type=\"application\/ld+json\" class=\"yoast-schema-graph\">{\"@context\":\"https:\/\/schema.org\",\"@graph\":[{\"@type\":\"WebPage\",\"@id\":\"https:\/\/fetracomdf.com.br\/site\/assembleia-geral-do-sindiservicos-df\/\",\"url\":\"https:\/\/fetracomdf.com.br\/site\/assembleia-geral-do-sindiservicos-df\/\",\"name\":\"Assembl\u00e9ia Geral do Sindiservi\u00e7os-DF - FETRACOM-DF\",\"isPartOf\":{\"@id\":\"https:\/\/fetracomdf.com.br\/site\/#website\"},\"primaryImageOfPage\":{\"@id\":\"https:\/\/fetracomdf.com.br\/site\/assembleia-geral-do-sindiservicos-df\/#primaryimage\"},\"image\":{\"@id\":\"https:\/\/fetracomdf.com.br\/site\/assembleia-geral-do-sindiservicos-df\/#primaryimage\"},\"thumbnailUrl\":\"https:\/\/fetracomdf.com.br\/site\/wp-content\/uploads\/2015\/12\/2014_-_Banner_Assembleia_Data_Base_2015_modificado.jpg\",\"datePublished\":\"2014-10-29T16:03:28+00:00\",\"dateModified\":\"2014-10-29T16:03:28+00:00\",\"author\":{\"@id\":\"https:\/\/fetracomdf.com.br\/site\/#\/schema\/person\/35554dfeaf9961b61a56171f7b19309a\"},\"breadcrumb\":{\"@id\":\"https:\/\/fetracomdf.com.br\/site\/assembleia-geral-do-sindiservicos-df\/#breadcrumb\"},\"inLanguage\":\"pt-PT\",\"potentialAction\":[{\"@type\":\"ReadAction\",\"target\":[\"https:\/\/fetracomdf.com.br\/site\/assembleia-geral-do-sindiservicos-df\/\"]}]},{\"@type\":\"ImageObject\",\"inLanguage\":\"pt-PT\",\"@id\":\"https:\/\/fetracomdf.com.br\/site\/assembleia-geral-do-sindiservicos-df\/#primaryimage\",\"url\":\"https:\/\/fetracomdf.com.br\/site\/wp-content\/uploads\/2015\/12\/2014_-_Banner_Assembleia_Data_Base_2015_modificado.jpg\",\"contentUrl\":\"https:\/\/fetracomdf.com.br\/site\/wp-content\/uploads\/2015\/12\/2014_-_Banner_Assembleia_Data_Base_2015_modificado.jpg\",\"width\":721,\"height\":510},{\"@type\":\"BreadcrumbList\",\"@id\":\"https:\/\/fetracomdf.com.br\/site\/assembleia-geral-do-sindiservicos-df\/#breadcrumb\",\"itemListElement\":[{\"@type\":\"ListItem\",\"position\":1,\"name\":\"In\u00edcio\",\"item\":\"https:\/\/fetracomdf.com.br\/site\/\"},{\"@type\":\"ListItem\",\"position\":2,\"name\":\"Assembl\u00e9ia Geral do Sindiservi\u00e7os-DF\"}]},{\"@type\":\"WebSite\",\"@id\":\"https:\/\/fetracomdf.com.br\/site\/#website\",\"url\":\"https:\/\/fetracomdf.com.br\/site\/\",\"name\":\"FETRACOM-DF\",\"description\":\"Federa\u00e7\u00e3o dos Trabalhadores no Com\u00e9rcio e Servi\u00e7os do DF\",\"potentialAction\":[{\"@type\":\"SearchAction\",\"target\":{\"@type\":\"EntryPoint\",\"urlTemplate\":\"https:\/\/fetracomdf.com.br\/site\/?s={search_term_string}\"},\"query-input\":\"required name=search_term_string\"}],\"inLanguage\":\"pt-PT\"},{\"@type\":\"Person\",\"@id\":\"https:\/\/fetracomdf.com.br\/site\/#\/schema\/person\/35554dfeaf9961b61a56171f7b19309a\",\"name\":\"FETRACOM-DF\",\"image\":{\"@type\":\"ImageObject\",\"inLanguage\":\"pt-PT\",\"@id\":\"https:\/\/fetracomdf.com.br\/site\/#\/schema\/person\/image\/\",\"url\":\"https:\/\/secure.gravatar.com\/avatar\/4a6f01e05b29b9a50f60d71d48947a25557f8f66dd2334bb41d707e1a794da71?s=96&d=mm&r=g\",\"contentUrl\":\"https:\/\/secure.gravatar.com\/avatar\/4a6f01e05b29b9a50f60d71d48947a25557f8f66dd2334bb41d707e1a794da71?s=96&d=mm&r=g\",\"caption\":\"FETRACOM-DF\"},\"url\":\"https:\/\/fetracomdf.com.br\/site\/author\/fetracom\/\"}]}<\/script>\n<!-- \/ Yoast SEO plugin. -->","yoast_head_json":{"title":"Assembl\u00e9ia Geral do Sindiservi\u00e7os-DF - FETRACOM-DF","robots":{"index":"index","follow":"follow","max-snippet":"max-snippet:-1","max-image-preview":"max-image-preview:large","max-video-preview":"max-video-preview:-1"},"canonical":"https:\/\/fetracomdf.com.br\/site\/assembleia-geral-do-sindiservicos-df\/","og_locale":"pt_PT","og_type":"article","og_title":"Assembl\u00e9ia Geral do Sindiservi\u00e7os-DF - FETRACOM-DF","og_description":"O Sindicato dos Empregados em Empresas de Asseio, Conserva\u00e7\u00e3o, Trabalho Tempor\u00e1rio, Presta\u00e7\u00e3o e Servi\u00e7os Terceiriz\u00e1veis no Distrito Federal (Sindiservi\u00e7os-DF) convoca todas as trabalhadoras e todos os trabalhadores terceirizados do Distrito Federal para a realiza\u00e7\u00e3o da Assembl\u00e9ia Geral da Data-Base 2015, que ser\u00e1 realizada no dia 05 de novembro (quarta-feira), a partir das 17h, no estacionamento [&hellip;]","og_url":"https:\/\/fetracomdf.com.br\/site\/assembleia-geral-do-sindiservicos-df\/","og_site_name":"FETRACOM-DF","article_published_time":"2014-10-29T16:03:28+00:00","og_image":[{"width":721,"height":510,"url":"https:\/\/fetracomdf.com.br\/site\/wp-content\/uploads\/2015\/12\/2014_-_Banner_Assembleia_Data_Base_2015_modificado.jpg","type":"image\/jpeg"}],"author":"FETRACOM-DF","twitter_card":"summary_large_image","twitter_misc":{"Escrito por":"FETRACOM-DF","Tempo estimado de leitura":"1 minuto"},"schema":{"@context":"https:\/\/schema.org","@graph":[{"@type":"WebPage","@id":"https:\/\/fetracomdf.com.br\/site\/assembleia-geral-do-sindiservicos-df\/","url":"https:\/\/fetracomdf.com.br\/site\/assembleia-geral-do-sindiservicos-df\/","name":"Assembl\u00e9ia Geral do Sindiservi\u00e7os-DF - FETRACOM-DF","isPartOf":{"@id":"https:\/\/fetracomdf.com.br\/site\/#website"},"primaryImageOfPage":{"@id":"https:\/\/fetracomdf.com.br\/site\/assembleia-geral-do-sindiservicos-df\/#primaryimage"},"image":{"@id":"https:\/\/fetracomdf.com.br\/site\/assembleia-geral-do-sindiservicos-df\/#primaryimage"},"thumbnailUrl":"https:\/\/fetracomdf.com.br\/site\/wp-content\/uploads\/2015\/12\/2014_-_Banner_Assembleia_Data_Base_2015_modificado.jpg","datePublished":"2014-10-29T16:03:28+00:00","dateModified":"2014-10-29T16:03:28+00:00","author":{"@id":"https:\/\/fetracomdf.com.br\/site\/#\/schema\/person\/35554dfeaf9961b61a56171f7b19309a"},"breadcrumb":{"@id":"https:\/\/fetracomdf.com.br\/site\/assembleia-geral-do-sindiservicos-df\/#breadcrumb"},"inLanguage":"pt-PT","potentialAction":[{"@type":"ReadAction","target":["https:\/\/fetracomdf.com.br\/site\/assembleia-geral-do-sindiservicos-df\/"]}]},{"@type":"ImageObject","inLanguage":"pt-PT","@id":"https:\/\/fetracomdf.com.br\/site\/assembleia-geral-do-sindiservicos-df\/#primaryimage","url":"https:\/\/fetracomdf.com.br\/site\/wp-content\/uploads\/2015\/12\/2014_-_Banner_Assembleia_Data_Base_2015_modificado.jpg","contentUrl":"https:\/\/fetracomdf.com.br\/site\/wp-content\/uploads\/2015\/12\/2014_-_Banner_Assembleia_Data_Base_2015_modificado.jpg","width":721,"height":510},{"@type":"BreadcrumbList","@id":"https:\/\/fetracomdf.com.br\/site\/assembleia-geral-do-sindiservicos-df\/#breadcrumb","itemListElement":[{"@type":"ListItem","position":1,"name":"In\u00edcio","item":"https:\/\/fetracomdf.com.br\/site\/"},{"@type":"ListItem","position":2,"name":"Assembl\u00e9ia Geral do Sindiservi\u00e7os-DF"}]},{"@type":"WebSite","@id":"https:\/\/fetracomdf.com.br\/site\/#website","url":"https:\/\/fetracomdf.com.br\/site\/","name":"FETRACOM-DF","description":"Federa\u00e7\u00e3o dos Trabalhadores no Com\u00e9rcio e Servi\u00e7os do DF","potentialAction":[{"@type":"SearchAction","target":{"@type":"EntryPoint","urlTemplate":"https:\/\/fetracomdf.com.br\/site\/?s={search_term_string}"},"query-input":"required name=search_term_string"}],"inLanguage":"pt-PT"},{"@type":"Person","@id":"https:\/\/fetracomdf.com.br\/site\/#\/schema\/person\/35554dfeaf9961b61a56171f7b19309a","name":"FETRACOM-DF","image":{"@type":"ImageObject","inLanguage":"pt-PT","@id":"https:\/\/fetracomdf.com.br\/site\/#\/schema\/person\/image\/","url":"https:\/\/secure.gravatar.com\/avatar\/4a6f01e05b29b9a50f60d71d48947a25557f8f66dd2334bb41d707e1a794da71?s=96&d=mm&r=g","contentUrl":"https:\/\/secure.gravatar.com\/avatar\/4a6f01e05b29b9a50f60d71d48947a25557f8f66dd2334bb41d707e1a794da71?s=96&d=mm&r=g","caption":"FETRACOM-DF"},"url":"https:\/\/fetracomdf.com.br\/site\/author\/fetracom\/"}]}},"_links":{"self":[{"href":"https:\/\/fetracomdf.com.br\/site\/wp-json\/wp\/v2\/posts\/501","targetHints":{"allow":["GET"]}}],"collection":[{"href":"https:\/\/fetracomdf.com.br\/site\/wp-json\/wp\/v2\/posts"}],"about":[{"href":"https:\/\/fetracomdf.com.br\/site\/wp-json\/wp\/v2\/types\/post"}],"author":[{"embeddable":true,"href":"https:\/\/fetracomdf.com.br\/site\/wp-json\/wp\/v2\/users\/2"}],"replies":[{"embeddable":true,"href":"https:\/\/fetracomdf.com.br\/site\/wp-json\/wp\/v2\/comments?post=501"}],"version-history":[{"count":0,"href":"https:\/\/fetracomdf.com.br\/site\/wp-json\/wp\/v2\/posts\/501\/revisions"}],"wp:featuredmedia":[{"embeddable":true,"href":"https:\/\/fetracomdf.com.br\/site\/wp-json\/wp\/v2\/media\/502"}],"wp:attachment":[{"href":"https:\/\/fetracomdf.com.br\/site\/wp-json\/wp\/v2\/media?parent=501"}],"wp:term":[{"taxonomy":"category","embeddable":true,"href":"https:\/\/fetracomdf.com.br\/site\/wp-json\/wp\/v2\/categories?post=501"},{"taxonomy":"post_tag","embeddable":true,"href":"https:\/\/fetracomdf.com.br\/site\/wp-json\/wp\/v2\/tags?post=501"}],"curies":[{"name":"wp","href":"https:\/\/api.w.org\/{rel}","templated":true}]}}