{"id":536,"date":"2013-09-20T17:24:40","date_gmt":"2013-09-20T17:24:40","guid":{"rendered":"http:\/\/fetracomdf.com.br\/site\/?p=536"},"modified":"2013-09-20T17:24:40","modified_gmt":"2013-09-20T17:24:40","slug":"sindicom-df-inaugura-subsede-propria-em-taguatinga","status":"publish","type":"post","link":"https:\/\/fetracomdf.com.br\/site\/sindicom-df-inaugura-subsede-propria-em-taguatinga\/","title":{"rendered":"Sindicom-DF inaugura subsede pr\u00f3pria em Taguatinga"},"content":{"rendered":"<p style=\"text-align: justify;\"><span style=\"font-size: medium; font-family: arial, helvetica, sans-serif;\">O Sindicato dos Empregados no Com\u00e9rcio do Distrito Federal (Sindicom-DF) inaugurou, no dia 13 de setembro, a subsede pr\u00f3pria em Taguatinga Norte. Localizado na QNE 31, o novo espa\u00e7o possui ampla estrutura e oferecer\u00e1 maior comodidade e conforto para o comerci\u00e1rio.<\/span><\/p>\n<p style=\"text-align: justify;\"><span style=\"font-size: medium; font-family: arial, helvetica, sans-serif;\">A nova subsede disponibilizar\u00e1 aos comerci\u00e1rios, em seus novos consult\u00f3rios e salas, servi\u00e7os como homologa\u00e7\u00e3o e atendimento m\u00e9dico (nas \u00e1reas de cl\u00ednica m\u00e9dica, pediatria e ginecologia) e odontol\u00f3gico. O local \u00e9 de f\u00e1cil acesso e deve ampliar o n\u00famero de atendimentos, j\u00e1 que est\u00e1 localizado em Taguatinga, que \u00e9 a regi\u00e3o que concentra o maior n\u00famero de comerci\u00e1rios.<\/span><\/p>\n<p class=\"MsoNormal\" style=\"text-align: justify;\"><span style=\"font-size: medium; font-family: arial, helvetica, sans-serif;\">Durante a cerim\u00f4nia de inaugura\u00e7\u00e3o, o presidente da Fetracom-DF, Washington Neves, aproveitou para parabenizar o sindicato por mais uma conquista. \u201cFiz parte do sindicato, acompanhei todas as dificuldades e as conquistas que vieram com muita luta. Digo sempre que quem ganha n\u00e3o \u00e9 o sindicato por ter sede e subsede, e sim o trabalhador que est\u00e1 agora mais protegido. Tenho muito orgulho e me sinto privilegiado em estar aqui hoje\u201d, disse.<\/span><\/p>\n<p style=\"text-align: justify;\"><span style=\"font-size: medium; font-family: arial, helvetica, sans-serif;\">Estiveram presentes na cerim\u00f4nia, al\u00e9m dos comerci\u00e1rios, representantes de outras entidades sindicais e figuras p\u00fablicas como Messias de Souza, administrador de Bras\u00edlia; Rodrigo Brito, presidente da Cut DF; Jacy Afonso, secret\u00e1rio de organiza\u00e7\u00e3o da Cut Nacional e Alci Mattos, presidente da Confedera\u00e7\u00e3o Nacional dos Trabalhadores no Com\u00e9rcio e Servi\u00e7os da CUT (Contracs\/CUT).<\/span><\/p>\n","protected":false},"excerpt":{"rendered":"<p>O Sindicato dos Empregados no Com\u00e9rcio do Distrito Federal (Sindicom-DF) inaugurou, no dia 13 de setembro, a subsede pr\u00f3pria em Taguatinga Norte. Localizado na QNE 31, o novo espa\u00e7o possui ampla estrutura e oferecer\u00e1 maior comodidade e conforto para o comerci\u00e1rio. A nova subsede disponibilizar\u00e1 aos comerci\u00e1rios, em seus novos consult\u00f3rios e salas, servi\u00e7os como [&hellip;]<\/p>\n","protected":false},"author":2,"featured_media":537,"comment_status":"open","ping_status":"open","sticky":false,"template":"","format":"standard","meta":{"footnotes":""},"categories":[29],"tags":[],"class_list":{"0":"post-536","1":"post","2":"type-post","3":"status-publish","4":"format-standard","5":"has-post-thumbnail","7":"category-outros"},"yoast_head":"<!-- This site is optimized with the Yoast SEO plugin v22.5 - https:\/\/yoast.com\/wordpress\/plugins\/seo\/ -->\n<title>Sindicom-DF inaugura subsede pr\u00f3pria em Taguatinga - FETRACOM-DF<\/title>\n<meta name=\"robots\" content=\"index, follow, max-snippet:-1, max-image-preview:large, max-video-preview:-1\" \/>\n<link rel=\"canonical\" href=\"https:\/\/fetracomdf.com.br\/site\/sindicom-df-inaugura-subsede-propria-em-taguatinga\/\" \/>\n<meta property=\"og:locale\" content=\"pt_PT\" \/>\n<meta property=\"og:type\" content=\"article\" \/>\n<meta property=\"og:title\" content=\"Sindicom-DF inaugura subsede pr\u00f3pria em Taguatinga - FETRACOM-DF\" \/>\n<meta property=\"og:description\" content=\"O Sindicato dos Empregados no Com\u00e9rcio do Distrito Federal (Sindicom-DF) inaugurou, no dia 13 de setembro, a subsede pr\u00f3pria em Taguatinga Norte. Localizado na QNE 31, o novo espa\u00e7o possui ampla estrutura e oferecer\u00e1 maior comodidade e conforto para o comerci\u00e1rio. A nova subsede disponibilizar\u00e1 aos comerci\u00e1rios, em seus novos consult\u00f3rios e salas, servi\u00e7os como [&hellip;]\" \/>\n<meta property=\"og:url\" content=\"https:\/\/fetracomdf.com.br\/site\/sindicom-df-inaugura-subsede-propria-em-taguatinga\/\" \/>\n<meta property=\"og:site_name\" content=\"FETRACOM-DF\" \/>\n<meta property=\"article:published_time\" content=\"2013-09-20T17:24:40+00:00\" \/>\n<meta property=\"og:image\" content=\"https:\/\/fetracomdf.com.br\/site\/wp-content\/uploads\/2015\/12\/IMG_4410_Large.jpg\" \/>\n\t<meta property=\"og:image:width\" content=\"730\" \/>\n\t<meta property=\"og:image:height\" content=\"486\" \/>\n\t<meta property=\"og:image:type\" content=\"image\/jpeg\" \/>\n<meta name=\"author\" content=\"FETRACOM-DF\" \/>\n<meta name=\"twitter:card\" content=\"summary_large_image\" \/>\n<meta name=\"twitter:label1\" content=\"Escrito por\" \/>\n\t<meta name=\"twitter:data1\" content=\"FETRACOM-DF\" \/>\n\t<meta name=\"twitter:label2\" content=\"Tempo estimado de leitura\" \/>\n\t<meta name=\"twitter:data2\" content=\"1 minuto\" \/>\n<script type=\"application\/ld+json\" class=\"yoast-schema-graph\">{\"@context\":\"https:\/\/schema.org\",\"@graph\":[{\"@type\":\"WebPage\",\"@id\":\"https:\/\/fetracomdf.com.br\/site\/sindicom-df-inaugura-subsede-propria-em-taguatinga\/\",\"url\":\"https:\/\/fetracomdf.com.br\/site\/sindicom-df-inaugura-subsede-propria-em-taguatinga\/\",\"name\":\"Sindicom-DF inaugura subsede pr\u00f3pria em Taguatinga - FETRACOM-DF\",\"isPartOf\":{\"@id\":\"https:\/\/fetracomdf.com.br\/site\/#website\"},\"primaryImageOfPage\":{\"@id\":\"https:\/\/fetracomdf.com.br\/site\/sindicom-df-inaugura-subsede-propria-em-taguatinga\/#primaryimage\"},\"image\":{\"@id\":\"https:\/\/fetracomdf.com.br\/site\/sindicom-df-inaugura-subsede-propria-em-taguatinga\/#primaryimage\"},\"thumbnailUrl\":\"https:\/\/fetracomdf.com.br\/site\/wp-content\/uploads\/2015\/12\/IMG_4410_Large.jpg\",\"datePublished\":\"2013-09-20T17:24:40+00:00\",\"dateModified\":\"2013-09-20T17:24:40+00:00\",\"author\":{\"@id\":\"https:\/\/fetracomdf.com.br\/site\/#\/schema\/person\/35554dfeaf9961b61a56171f7b19309a\"},\"breadcrumb\":{\"@id\":\"https:\/\/fetracomdf.com.br\/site\/sindicom-df-inaugura-subsede-propria-em-taguatinga\/#breadcrumb\"},\"inLanguage\":\"pt-PT\",\"potentialAction\":[{\"@type\":\"ReadAction\",\"target\":[\"https:\/\/fetracomdf.com.br\/site\/sindicom-df-inaugura-subsede-propria-em-taguatinga\/\"]}]},{\"@type\":\"ImageObject\",\"inLanguage\":\"pt-PT\",\"@id\":\"https:\/\/fetracomdf.com.br\/site\/sindicom-df-inaugura-subsede-propria-em-taguatinga\/#primaryimage\",\"url\":\"https:\/\/fetracomdf.com.br\/site\/wp-content\/uploads\/2015\/12\/IMG_4410_Large.jpg\",\"contentUrl\":\"https:\/\/fetracomdf.com.br\/site\/wp-content\/uploads\/2015\/12\/IMG_4410_Large.jpg\",\"width\":730,\"height\":486},{\"@type\":\"BreadcrumbList\",\"@id\":\"https:\/\/fetracomdf.com.br\/site\/sindicom-df-inaugura-subsede-propria-em-taguatinga\/#breadcrumb\",\"itemListElement\":[{\"@type\":\"ListItem\",\"position\":1,\"name\":\"In\u00edcio\",\"item\":\"https:\/\/fetracomdf.com.br\/site\/\"},{\"@type\":\"ListItem\",\"position\":2,\"name\":\"Sindicom-DF inaugura subsede pr\u00f3pria em Taguatinga\"}]},{\"@type\":\"WebSite\",\"@id\":\"https:\/\/fetracomdf.com.br\/site\/#website\",\"url\":\"https:\/\/fetracomdf.com.br\/site\/\",\"name\":\"FETRACOM-DF\",\"description\":\"Federa\u00e7\u00e3o dos Trabalhadores no Com\u00e9rcio e Servi\u00e7os do DF\",\"potentialAction\":[{\"@type\":\"SearchAction\",\"target\":{\"@type\":\"EntryPoint\",\"urlTemplate\":\"https:\/\/fetracomdf.com.br\/site\/?s={search_term_string}\"},\"query-input\":\"required name=search_term_string\"}],\"inLanguage\":\"pt-PT\"},{\"@type\":\"Person\",\"@id\":\"https:\/\/fetracomdf.com.br\/site\/#\/schema\/person\/35554dfeaf9961b61a56171f7b19309a\",\"name\":\"FETRACOM-DF\",\"image\":{\"@type\":\"ImageObject\",\"inLanguage\":\"pt-PT\",\"@id\":\"https:\/\/fetracomdf.com.br\/site\/#\/schema\/person\/image\/\",\"url\":\"https:\/\/secure.gravatar.com\/avatar\/4a6f01e05b29b9a50f60d71d48947a25557f8f66dd2334bb41d707e1a794da71?s=96&d=mm&r=g\",\"contentUrl\":\"https:\/\/secure.gravatar.com\/avatar\/4a6f01e05b29b9a50f60d71d48947a25557f8f66dd2334bb41d707e1a794da71?s=96&d=mm&r=g\",\"caption\":\"FETRACOM-DF\"},\"url\":\"https:\/\/fetracomdf.com.br\/site\/author\/fetracom\/\"}]}<\/script>\n<!-- \/ Yoast SEO plugin. -->","yoast_head_json":{"title":"Sindicom-DF inaugura subsede pr\u00f3pria em Taguatinga - FETRACOM-DF","robots":{"index":"index","follow":"follow","max-snippet":"max-snippet:-1","max-image-preview":"max-image-preview:large","max-video-preview":"max-video-preview:-1"},"canonical":"https:\/\/fetracomdf.com.br\/site\/sindicom-df-inaugura-subsede-propria-em-taguatinga\/","og_locale":"pt_PT","og_type":"article","og_title":"Sindicom-DF inaugura subsede pr\u00f3pria em Taguatinga - FETRACOM-DF","og_description":"O Sindicato dos Empregados no Com\u00e9rcio do Distrito Federal (Sindicom-DF) inaugurou, no dia 13 de setembro, a subsede pr\u00f3pria em Taguatinga Norte. Localizado na QNE 31, o novo espa\u00e7o possui ampla estrutura e oferecer\u00e1 maior comodidade e conforto para o comerci\u00e1rio. A nova subsede disponibilizar\u00e1 aos comerci\u00e1rios, em seus novos consult\u00f3rios e salas, servi\u00e7os como [&hellip;]","og_url":"https:\/\/fetracomdf.com.br\/site\/sindicom-df-inaugura-subsede-propria-em-taguatinga\/","og_site_name":"FETRACOM-DF","article_published_time":"2013-09-20T17:24:40+00:00","og_image":[{"width":730,"height":486,"url":"https:\/\/fetracomdf.com.br\/site\/wp-content\/uploads\/2015\/12\/IMG_4410_Large.jpg","type":"image\/jpeg"}],"author":"FETRACOM-DF","twitter_card":"summary_large_image","twitter_misc":{"Escrito por":"FETRACOM-DF","Tempo estimado de leitura":"1 minuto"},"schema":{"@context":"https:\/\/schema.org","@graph":[{"@type":"WebPage","@id":"https:\/\/fetracomdf.com.br\/site\/sindicom-df-inaugura-subsede-propria-em-taguatinga\/","url":"https:\/\/fetracomdf.com.br\/site\/sindicom-df-inaugura-subsede-propria-em-taguatinga\/","name":"Sindicom-DF inaugura subsede pr\u00f3pria em Taguatinga - FETRACOM-DF","isPartOf":{"@id":"https:\/\/fetracomdf.com.br\/site\/#website"},"primaryImageOfPage":{"@id":"https:\/\/fetracomdf.com.br\/site\/sindicom-df-inaugura-subsede-propria-em-taguatinga\/#primaryimage"},"image":{"@id":"https:\/\/fetracomdf.com.br\/site\/sindicom-df-inaugura-subsede-propria-em-taguatinga\/#primaryimage"},"thumbnailUrl":"https:\/\/fetracomdf.com.br\/site\/wp-content\/uploads\/2015\/12\/IMG_4410_Large.jpg","datePublished":"2013-09-20T17:24:40+00:00","dateModified":"2013-09-20T17:24:40+00:00","author":{"@id":"https:\/\/fetracomdf.com.br\/site\/#\/schema\/person\/35554dfeaf9961b61a56171f7b19309a"},"breadcrumb":{"@id":"https:\/\/fetracomdf.com.br\/site\/sindicom-df-inaugura-subsede-propria-em-taguatinga\/#breadcrumb"},"inLanguage":"pt-PT","potentialAction":[{"@type":"ReadAction","target":["https:\/\/fetracomdf.com.br\/site\/sindicom-df-inaugura-subsede-propria-em-taguatinga\/"]}]},{"@type":"ImageObject","inLanguage":"pt-PT","@id":"https:\/\/fetracomdf.com.br\/site\/sindicom-df-inaugura-subsede-propria-em-taguatinga\/#primaryimage","url":"https:\/\/fetracomdf.com.br\/site\/wp-content\/uploads\/2015\/12\/IMG_4410_Large.jpg","contentUrl":"https:\/\/fetracomdf.com.br\/site\/wp-content\/uploads\/2015\/12\/IMG_4410_Large.jpg","width":730,"height":486},{"@type":"BreadcrumbList","@id":"https:\/\/fetracomdf.com.br\/site\/sindicom-df-inaugura-subsede-propria-em-taguatinga\/#breadcrumb","itemListElement":[{"@type":"ListItem","position":1,"name":"In\u00edcio","item":"https:\/\/fetracomdf.com.br\/site\/"},{"@type":"ListItem","position":2,"name":"Sindicom-DF inaugura subsede pr\u00f3pria em Taguatinga"}]},{"@type":"WebSite","@id":"https:\/\/fetracomdf.com.br\/site\/#website","url":"https:\/\/fetracomdf.com.br\/site\/","name":"FETRACOM-DF","description":"Federa\u00e7\u00e3o dos Trabalhadores no Com\u00e9rcio e Servi\u00e7os do DF","potentialAction":[{"@type":"SearchAction","target":{"@type":"EntryPoint","urlTemplate":"https:\/\/fetracomdf.com.br\/site\/?s={search_term_string}"},"query-input":"required name=search_term_string"}],"inLanguage":"pt-PT"},{"@type":"Person","@id":"https:\/\/fetracomdf.com.br\/site\/#\/schema\/person\/35554dfeaf9961b61a56171f7b19309a","name":"FETRACOM-DF","image":{"@type":"ImageObject","inLanguage":"pt-PT","@id":"https:\/\/fetracomdf.com.br\/site\/#\/schema\/person\/image\/","url":"https:\/\/secure.gravatar.com\/avatar\/4a6f01e05b29b9a50f60d71d48947a25557f8f66dd2334bb41d707e1a794da71?s=96&d=mm&r=g","contentUrl":"https:\/\/secure.gravatar.com\/avatar\/4a6f01e05b29b9a50f60d71d48947a25557f8f66dd2334bb41d707e1a794da71?s=96&d=mm&r=g","caption":"FETRACOM-DF"},"url":"https:\/\/fetracomdf.com.br\/site\/author\/fetracom\/"}]}},"_links":{"self":[{"href":"https:\/\/fetracomdf.com.br\/site\/wp-json\/wp\/v2\/posts\/536","targetHints":{"allow":["GET"]}}],"collection":[{"href":"https:\/\/fetracomdf.com.br\/site\/wp-json\/wp\/v2\/posts"}],"about":[{"href":"https:\/\/fetracomdf.com.br\/site\/wp-json\/wp\/v2\/types\/post"}],"author":[{"embeddable":true,"href":"https:\/\/fetracomdf.com.br\/site\/wp-json\/wp\/v2\/users\/2"}],"replies":[{"embeddable":true,"href":"https:\/\/fetracomdf.com.br\/site\/wp-json\/wp\/v2\/comments?post=536"}],"version-history":[{"count":0,"href":"https:\/\/fetracomdf.com.br\/site\/wp-json\/wp\/v2\/posts\/536\/revisions"}],"wp:featuredmedia":[{"embeddable":true,"href":"https:\/\/fetracomdf.com.br\/site\/wp-json\/wp\/v2\/media\/537"}],"wp:attachment":[{"href":"https:\/\/fetracomdf.com.br\/site\/wp-json\/wp\/v2\/media?parent=536"}],"wp:term":[{"taxonomy":"category","embeddable":true,"href":"https:\/\/fetracomdf.com.br\/site\/wp-json\/wp\/v2\/categories?post=536"},{"taxonomy":"post_tag","embeddable":true,"href":"https:\/\/fetracomdf.com.br\/site\/wp-json\/wp\/v2\/tags?post=536"}],"curies":[{"name":"wp","href":"https:\/\/api.w.org\/{rel}","templated":true}]}}