{"id":561,"date":"2013-05-29T13:19:08","date_gmt":"2013-05-29T13:19:08","guid":{"rendered":"http:\/\/fetracomdf.com.br\/site\/?p=561"},"modified":"2013-05-29T13:19:08","modified_gmt":"2013-05-29T13:19:08","slug":"trabalhadores-de-academias-teraoo-reajuste-salarial-de-720","status":"publish","type":"post","link":"https:\/\/fetracomdf.com.br\/site\/trabalhadores-de-academias-teraoo-reajuste-salarial-de-720\/","title":{"rendered":"Trabalhadores de academias ter\u00e3oo reajuste salarial de 7,20%"},"content":{"rendered":"<p class=\"MsoNormal\" style=\"margin-bottom: 0.0001pt; text-align: justify; line-height: 150%;\"><span style=\"font-size: 12pt; line-height: 150%; font-family: 'Arial','sans-serif';\">29Os trabalhadores de academias do Distrito Federal conseguiram a garantia de melhores condi\u00e7\u00f5es de trabalho. A principal conquista foi o reajuste salarial de 7,20%. Os benef\u00edcios s\u00e3o frutos da luta do sindicato da categoria, o Sindclubes, que, ap\u00f3s negocia\u00e7\u00f5es, conseguiu que a Conven\u00e7\u00e3o Coletiva de Trabalho fosse assinada pelo sindicato patronal, a Fenac (Federa\u00e7\u00e3o Nacional da Cultura).<\/span><\/p>\n<p class=\"MsoNormal\" style=\"margin-bottom: 0.0001pt; text-align: justify; line-height: 150%;\"><span style=\"font-size: 12pt; line-height: 150%; font-family: 'Arial','sans-serif';\">\u00a0<\/span><\/p>\n<p class=\"MsoNormal\" style=\"margin-bottom: 0.0001pt; text-align: justify; line-height: 150%;\"><span style=\"font-size: 12pt; line-height: 150%; font-family: 'Arial','sans-serif';\">Al\u00e9m do reajuste salarial, os trabalhadores ter\u00e3o t\u00edquete alimenta\u00e7\u00e3o no valor de R$13 e receber\u00e3o R$8 por hora aula. A conven\u00e7\u00e3o tamb\u00e9m prev\u00ea o piso salarial de R$718 para serventes ou auxiliares de servi\u00e7os gerais e de R$730 para atendente, recepcionista, vendedor e assistente administrativo. Todos os benef\u00edcios previstos na conven\u00e7\u00e3o coletiva dever\u00e3o ser retroativos a 1\u00ba de maio. Caso a empresa descumpra qualquer cl\u00e1usula da conven\u00e7\u00e3o, estar\u00e1 sujeita a multa de 10% do valor do sal\u00e1rio base, a favor do trabalhador prejudicado.<\/span><\/p>\n<p class=\"MsoNormal\" style=\"margin-bottom: 0.0001pt; text-align: justify; line-height: 150%; background: none repeat scroll 0% 0% white;\"><span style=\"font-size: 12pt; line-height: 150%; font-family: 'Arial','sans-serif';\">\u00a0<\/span><\/p>\n<p class=\"MsoNormal\" style=\"margin-bottom: 0.0001pt; text-align: justify; line-height: 150%; background: none repeat scroll 0% 0% white;\"><span style=\"font-size: 12pt; line-height: 150%; font-family: 'Arial','sans-serif';\">O Sindclubes, que <\/span><span style=\"font-size: 12pt; line-height: 150%; font-family: 'Arial','sans-serif';\">pretende continuar lutando para garantir e melhorar os direitos da categoria, <\/span><span style=\"font-size: 12pt; line-height: 150%; font-family: 'Arial','sans-serif';\">oferece aos trabalhadores associados, al\u00e9m do servi\u00e7o de homologa\u00e7\u00e3o das rescis\u00f5es, assist\u00eancia jur\u00eddica e conv\u00eanios m\u00e9dicos com pre\u00e7os acess\u00edveis para atender os trabalhadores. Para o lazer, o sindicato realiza anualmente um campeonato de futebol que acontece na segunda quinzena de setembro.<\/span><\/p>\n<p class=\"MsoNormal\" style=\"margin-bottom: 0.0001pt; text-align: justify; line-height: 150%;\"><span style=\"font-size: 12pt; line-height: 150%; font-family: 'Arial','sans-serif';\">\u00a0<\/span><\/p>\n<p class=\"MsoNormal\" style=\"margin-bottom: 0.0001pt; text-align: justify; line-height: 150%;\"><span style=\"font-size: 12pt; line-height: 150%; font-family: 'Arial','sans-serif';\">Para o Sindclubes, essa conquista significa, mesmo que parcialmente, uma grande conquista. \u201cApesar de n\u00e3o termos tido os grandes avan\u00e7os que esper\u00e1vamos, a negocia\u00e7\u00e3o entre a Fenac e o Sindclubes foi uma grande vit\u00f3ria, principalmente por n\u00e3o ter sido uma negocia\u00e7\u00e3o demorada e nem ter precisado chegar ao dissidio coletivo\u201d, disse.<\/span><\/p>\n","protected":false},"excerpt":{"rendered":"<p>29Os trabalhadores de academias do Distrito Federal conseguiram a garantia de melhores condi\u00e7\u00f5es de trabalho. A principal conquista foi o reajuste salarial de 7,20%. Os benef\u00edcios s\u00e3o frutos da luta do sindicato da categoria, o Sindclubes, que, ap\u00f3s negocia\u00e7\u00f5es, conseguiu que a Conven\u00e7\u00e3o Coletiva de Trabalho fosse assinada pelo sindicato patronal, a Fenac (Federa\u00e7\u00e3o Nacional [&hellip;]<\/p>\n","protected":false},"author":2,"featured_media":562,"comment_status":"open","ping_status":"open","sticky":false,"template":"","format":"standard","meta":{"footnotes":""},"categories":[28],"tags":[],"class_list":{"0":"post-561","1":"post","2":"type-post","3":"status-publish","4":"format-standard","5":"has-post-thumbnail","7":"category-luta-sindical"},"yoast_head":"<!-- This site is optimized with the Yoast SEO plugin v22.5 - https:\/\/yoast.com\/wordpress\/plugins\/seo\/ -->\n<title>Trabalhadores de academias ter\u00e3oo reajuste salarial de 7,20% - FETRACOM-DF<\/title>\n<meta name=\"robots\" content=\"index, follow, max-snippet:-1, max-image-preview:large, max-video-preview:-1\" \/>\n<link rel=\"canonical\" href=\"https:\/\/fetracomdf.com.br\/site\/trabalhadores-de-academias-teraoo-reajuste-salarial-de-720\/\" \/>\n<meta property=\"og:locale\" content=\"pt_PT\" \/>\n<meta property=\"og:type\" content=\"article\" \/>\n<meta property=\"og:title\" content=\"Trabalhadores de academias ter\u00e3oo reajuste salarial de 7,20% - FETRACOM-DF\" \/>\n<meta property=\"og:description\" content=\"29Os trabalhadores de academias do Distrito Federal conseguiram a garantia de melhores condi\u00e7\u00f5es de trabalho. A principal conquista foi o reajuste salarial de 7,20%. Os benef\u00edcios s\u00e3o frutos da luta do sindicato da categoria, o Sindclubes, que, ap\u00f3s negocia\u00e7\u00f5es, conseguiu que a Conven\u00e7\u00e3o Coletiva de Trabalho fosse assinada pelo sindicato patronal, a Fenac (Federa\u00e7\u00e3o Nacional [&hellip;]\" \/>\n<meta property=\"og:url\" content=\"https:\/\/fetracomdf.com.br\/site\/trabalhadores-de-academias-teraoo-reajuste-salarial-de-720\/\" \/>\n<meta property=\"og:site_name\" content=\"FETRACOM-DF\" \/>\n<meta property=\"article:published_time\" content=\"2013-05-29T13:19:08+00:00\" \/>\n<meta property=\"og:image\" content=\"https:\/\/fetracomdf.com.br\/site\/wp-content\/uploads\/2015\/12\/trabalhadores_academia.jpg\" \/>\n\t<meta property=\"og:image:width\" content=\"300\" \/>\n\t<meta property=\"og:image:height\" content=\"208\" \/>\n\t<meta property=\"og:image:type\" content=\"image\/jpeg\" \/>\n<meta name=\"author\" content=\"FETRACOM-DF\" \/>\n<meta name=\"twitter:card\" content=\"summary_large_image\" \/>\n<meta name=\"twitter:label1\" content=\"Escrito por\" \/>\n\t<meta name=\"twitter:data1\" content=\"FETRACOM-DF\" \/>\n\t<meta name=\"twitter:label2\" content=\"Tempo estimado de leitura\" \/>\n\t<meta name=\"twitter:data2\" content=\"1 minuto\" \/>\n<script type=\"application\/ld+json\" class=\"yoast-schema-graph\">{\"@context\":\"https:\/\/schema.org\",\"@graph\":[{\"@type\":\"WebPage\",\"@id\":\"https:\/\/fetracomdf.com.br\/site\/trabalhadores-de-academias-teraoo-reajuste-salarial-de-720\/\",\"url\":\"https:\/\/fetracomdf.com.br\/site\/trabalhadores-de-academias-teraoo-reajuste-salarial-de-720\/\",\"name\":\"Trabalhadores de academias ter\u00e3oo reajuste salarial de 7,20% - FETRACOM-DF\",\"isPartOf\":{\"@id\":\"https:\/\/fetracomdf.com.br\/site\/#website\"},\"primaryImageOfPage\":{\"@id\":\"https:\/\/fetracomdf.com.br\/site\/trabalhadores-de-academias-teraoo-reajuste-salarial-de-720\/#primaryimage\"},\"image\":{\"@id\":\"https:\/\/fetracomdf.com.br\/site\/trabalhadores-de-academias-teraoo-reajuste-salarial-de-720\/#primaryimage\"},\"thumbnailUrl\":\"https:\/\/fetracomdf.com.br\/site\/wp-content\/uploads\/2015\/12\/trabalhadores_academia.jpg\",\"datePublished\":\"2013-05-29T13:19:08+00:00\",\"dateModified\":\"2013-05-29T13:19:08+00:00\",\"author\":{\"@id\":\"https:\/\/fetracomdf.com.br\/site\/#\/schema\/person\/35554dfeaf9961b61a56171f7b19309a\"},\"breadcrumb\":{\"@id\":\"https:\/\/fetracomdf.com.br\/site\/trabalhadores-de-academias-teraoo-reajuste-salarial-de-720\/#breadcrumb\"},\"inLanguage\":\"pt-PT\",\"potentialAction\":[{\"@type\":\"ReadAction\",\"target\":[\"https:\/\/fetracomdf.com.br\/site\/trabalhadores-de-academias-teraoo-reajuste-salarial-de-720\/\"]}]},{\"@type\":\"ImageObject\",\"inLanguage\":\"pt-PT\",\"@id\":\"https:\/\/fetracomdf.com.br\/site\/trabalhadores-de-academias-teraoo-reajuste-salarial-de-720\/#primaryimage\",\"url\":\"https:\/\/fetracomdf.com.br\/site\/wp-content\/uploads\/2015\/12\/trabalhadores_academia.jpg\",\"contentUrl\":\"https:\/\/fetracomdf.com.br\/site\/wp-content\/uploads\/2015\/12\/trabalhadores_academia.jpg\",\"width\":300,\"height\":208},{\"@type\":\"BreadcrumbList\",\"@id\":\"https:\/\/fetracomdf.com.br\/site\/trabalhadores-de-academias-teraoo-reajuste-salarial-de-720\/#breadcrumb\",\"itemListElement\":[{\"@type\":\"ListItem\",\"position\":1,\"name\":\"In\u00edcio\",\"item\":\"https:\/\/fetracomdf.com.br\/site\/\"},{\"@type\":\"ListItem\",\"position\":2,\"name\":\"Trabalhadores de academias ter\u00e3oo reajuste salarial de 7,20%\"}]},{\"@type\":\"WebSite\",\"@id\":\"https:\/\/fetracomdf.com.br\/site\/#website\",\"url\":\"https:\/\/fetracomdf.com.br\/site\/\",\"name\":\"FETRACOM-DF\",\"description\":\"Federa\u00e7\u00e3o dos Trabalhadores no Com\u00e9rcio e Servi\u00e7os do DF\",\"potentialAction\":[{\"@type\":\"SearchAction\",\"target\":{\"@type\":\"EntryPoint\",\"urlTemplate\":\"https:\/\/fetracomdf.com.br\/site\/?s={search_term_string}\"},\"query-input\":\"required name=search_term_string\"}],\"inLanguage\":\"pt-PT\"},{\"@type\":\"Person\",\"@id\":\"https:\/\/fetracomdf.com.br\/site\/#\/schema\/person\/35554dfeaf9961b61a56171f7b19309a\",\"name\":\"FETRACOM-DF\",\"image\":{\"@type\":\"ImageObject\",\"inLanguage\":\"pt-PT\",\"@id\":\"https:\/\/fetracomdf.com.br\/site\/#\/schema\/person\/image\/\",\"url\":\"https:\/\/secure.gravatar.com\/avatar\/4a6f01e05b29b9a50f60d71d48947a25557f8f66dd2334bb41d707e1a794da71?s=96&d=mm&r=g\",\"contentUrl\":\"https:\/\/secure.gravatar.com\/avatar\/4a6f01e05b29b9a50f60d71d48947a25557f8f66dd2334bb41d707e1a794da71?s=96&d=mm&r=g\",\"caption\":\"FETRACOM-DF\"},\"url\":\"https:\/\/fetracomdf.com.br\/site\/author\/fetracom\/\"}]}<\/script>\n<!-- \/ Yoast SEO plugin. -->","yoast_head_json":{"title":"Trabalhadores de academias ter\u00e3oo reajuste salarial de 7,20% - FETRACOM-DF","robots":{"index":"index","follow":"follow","max-snippet":"max-snippet:-1","max-image-preview":"max-image-preview:large","max-video-preview":"max-video-preview:-1"},"canonical":"https:\/\/fetracomdf.com.br\/site\/trabalhadores-de-academias-teraoo-reajuste-salarial-de-720\/","og_locale":"pt_PT","og_type":"article","og_title":"Trabalhadores de academias ter\u00e3oo reajuste salarial de 7,20% - FETRACOM-DF","og_description":"29Os trabalhadores de academias do Distrito Federal conseguiram a garantia de melhores condi\u00e7\u00f5es de trabalho. A principal conquista foi o reajuste salarial de 7,20%. Os benef\u00edcios s\u00e3o frutos da luta do sindicato da categoria, o Sindclubes, que, ap\u00f3s negocia\u00e7\u00f5es, conseguiu que a Conven\u00e7\u00e3o Coletiva de Trabalho fosse assinada pelo sindicato patronal, a Fenac (Federa\u00e7\u00e3o Nacional [&hellip;]","og_url":"https:\/\/fetracomdf.com.br\/site\/trabalhadores-de-academias-teraoo-reajuste-salarial-de-720\/","og_site_name":"FETRACOM-DF","article_published_time":"2013-05-29T13:19:08+00:00","og_image":[{"width":300,"height":208,"url":"https:\/\/fetracomdf.com.br\/site\/wp-content\/uploads\/2015\/12\/trabalhadores_academia.jpg","type":"image\/jpeg"}],"author":"FETRACOM-DF","twitter_card":"summary_large_image","twitter_misc":{"Escrito por":"FETRACOM-DF","Tempo estimado de leitura":"1 minuto"},"schema":{"@context":"https:\/\/schema.org","@graph":[{"@type":"WebPage","@id":"https:\/\/fetracomdf.com.br\/site\/trabalhadores-de-academias-teraoo-reajuste-salarial-de-720\/","url":"https:\/\/fetracomdf.com.br\/site\/trabalhadores-de-academias-teraoo-reajuste-salarial-de-720\/","name":"Trabalhadores de academias ter\u00e3oo reajuste salarial de 7,20% - FETRACOM-DF","isPartOf":{"@id":"https:\/\/fetracomdf.com.br\/site\/#website"},"primaryImageOfPage":{"@id":"https:\/\/fetracomdf.com.br\/site\/trabalhadores-de-academias-teraoo-reajuste-salarial-de-720\/#primaryimage"},"image":{"@id":"https:\/\/fetracomdf.com.br\/site\/trabalhadores-de-academias-teraoo-reajuste-salarial-de-720\/#primaryimage"},"thumbnailUrl":"https:\/\/fetracomdf.com.br\/site\/wp-content\/uploads\/2015\/12\/trabalhadores_academia.jpg","datePublished":"2013-05-29T13:19:08+00:00","dateModified":"2013-05-29T13:19:08+00:00","author":{"@id":"https:\/\/fetracomdf.com.br\/site\/#\/schema\/person\/35554dfeaf9961b61a56171f7b19309a"},"breadcrumb":{"@id":"https:\/\/fetracomdf.com.br\/site\/trabalhadores-de-academias-teraoo-reajuste-salarial-de-720\/#breadcrumb"},"inLanguage":"pt-PT","potentialAction":[{"@type":"ReadAction","target":["https:\/\/fetracomdf.com.br\/site\/trabalhadores-de-academias-teraoo-reajuste-salarial-de-720\/"]}]},{"@type":"ImageObject","inLanguage":"pt-PT","@id":"https:\/\/fetracomdf.com.br\/site\/trabalhadores-de-academias-teraoo-reajuste-salarial-de-720\/#primaryimage","url":"https:\/\/fetracomdf.com.br\/site\/wp-content\/uploads\/2015\/12\/trabalhadores_academia.jpg","contentUrl":"https:\/\/fetracomdf.com.br\/site\/wp-content\/uploads\/2015\/12\/trabalhadores_academia.jpg","width":300,"height":208},{"@type":"BreadcrumbList","@id":"https:\/\/fetracomdf.com.br\/site\/trabalhadores-de-academias-teraoo-reajuste-salarial-de-720\/#breadcrumb","itemListElement":[{"@type":"ListItem","position":1,"name":"In\u00edcio","item":"https:\/\/fetracomdf.com.br\/site\/"},{"@type":"ListItem","position":2,"name":"Trabalhadores de academias ter\u00e3oo reajuste salarial de 7,20%"}]},{"@type":"WebSite","@id":"https:\/\/fetracomdf.com.br\/site\/#website","url":"https:\/\/fetracomdf.com.br\/site\/","name":"FETRACOM-DF","description":"Federa\u00e7\u00e3o dos Trabalhadores no Com\u00e9rcio e Servi\u00e7os do DF","potentialAction":[{"@type":"SearchAction","target":{"@type":"EntryPoint","urlTemplate":"https:\/\/fetracomdf.com.br\/site\/?s={search_term_string}"},"query-input":"required name=search_term_string"}],"inLanguage":"pt-PT"},{"@type":"Person","@id":"https:\/\/fetracomdf.com.br\/site\/#\/schema\/person\/35554dfeaf9961b61a56171f7b19309a","name":"FETRACOM-DF","image":{"@type":"ImageObject","inLanguage":"pt-PT","@id":"https:\/\/fetracomdf.com.br\/site\/#\/schema\/person\/image\/","url":"https:\/\/secure.gravatar.com\/avatar\/4a6f01e05b29b9a50f60d71d48947a25557f8f66dd2334bb41d707e1a794da71?s=96&d=mm&r=g","contentUrl":"https:\/\/secure.gravatar.com\/avatar\/4a6f01e05b29b9a50f60d71d48947a25557f8f66dd2334bb41d707e1a794da71?s=96&d=mm&r=g","caption":"FETRACOM-DF"},"url":"https:\/\/fetracomdf.com.br\/site\/author\/fetracom\/"}]}},"_links":{"self":[{"href":"https:\/\/fetracomdf.com.br\/site\/wp-json\/wp\/v2\/posts\/561","targetHints":{"allow":["GET"]}}],"collection":[{"href":"https:\/\/fetracomdf.com.br\/site\/wp-json\/wp\/v2\/posts"}],"about":[{"href":"https:\/\/fetracomdf.com.br\/site\/wp-json\/wp\/v2\/types\/post"}],"author":[{"embeddable":true,"href":"https:\/\/fetracomdf.com.br\/site\/wp-json\/wp\/v2\/users\/2"}],"replies":[{"embeddable":true,"href":"https:\/\/fetracomdf.com.br\/site\/wp-json\/wp\/v2\/comments?post=561"}],"version-history":[{"count":0,"href":"https:\/\/fetracomdf.com.br\/site\/wp-json\/wp\/v2\/posts\/561\/revisions"}],"wp:featuredmedia":[{"embeddable":true,"href":"https:\/\/fetracomdf.com.br\/site\/wp-json\/wp\/v2\/media\/562"}],"wp:attachment":[{"href":"https:\/\/fetracomdf.com.br\/site\/wp-json\/wp\/v2\/media?parent=561"}],"wp:term":[{"taxonomy":"category","embeddable":true,"href":"https:\/\/fetracomdf.com.br\/site\/wp-json\/wp\/v2\/categories?post=561"},{"taxonomy":"post_tag","embeddable":true,"href":"https:\/\/fetracomdf.com.br\/site\/wp-json\/wp\/v2\/tags?post=561"}],"curies":[{"name":"wp","href":"https:\/\/api.w.org\/{rel}","templated":true}]}}