{"id":673,"date":"2011-11-08T11:21:33","date_gmt":"2011-11-08T11:21:33","guid":{"rendered":"http:\/\/fetracomdf.com.br\/site\/?p=673"},"modified":"2011-11-08T11:21:33","modified_gmt":"2011-11-08T11:21:33","slug":"empresa-tellus-tenta-firmar-acordo-desvantajoso-para-o-trabalhador","status":"publish","type":"post","link":"https:\/\/fetracomdf.com.br\/site\/empresa-tellus-tenta-firmar-acordo-desvantajoso-para-o-trabalhador\/","title":{"rendered":"Empresa Tellus tenta firmar acordo desvantajoso para o trabalhador"},"content":{"rendered":"<p class=\"MsoNormal\" style=\"text-align: justify; margin: 0cm 0cm 0pt;\"><span style=\"font-size: 12pt;\"><span style=\"font-family: verdana,geneva;\">Ap\u00f3s v\u00e1rias tentativas de negocia\u00e7\u00e3o, a Fetracom-DF decidiu n\u00e3o firmar Acordo Coletivo de Trabalho com a empresa Tellus. As propostas apresentadas pela empresa foram consideradas desvantajosas, j\u00e1 que existe em vig\u00eancia, at\u00e9 2012, Conven\u00e7\u00e3o Coletiva de Trabalho que estabelece melhores condi\u00e7\u00f5es e sal\u00e1rios.<\/span><\/span><\/p>\n<p class=\"MsoNormal\" style=\"text-align: justify; margin: 0cm 0cm 0pt;\"><span style=\"font-size: 12pt;\"><span style=\"font-family: verdana,geneva;\">\u00a0<\/span><\/span><\/p>\n<p class=\"MsoNormal\" style=\"text-align: justify; margin: 0cm 0cm 0pt;\"><span style=\"font-size: 12pt;\"><span style=\"font-family: verdana,geneva;\">Foi encaminhado \u00e0 empresa, no dia 10 de outubro, um of\u00edcio que determina o cumprimento da CCT, estabelecendo reajuste salarial de acordo com o piso de R$800; t\u00edquete refei\u00e7\u00e3o de R$11,60; cesta b\u00e1sica no valor de R$180 (quando o trabalhador estiver de f\u00e9rias) e outros benef\u00edcios. A conven\u00e7\u00e3o coletiva pode ser acessada nos sites do Minist\u00e9rio do Trabalho e Emprego e da Fetracom.<\/span><\/span><\/p>\n<p class=\"MsoNormal\" style=\"text-align: justify; margin: 0cm 0cm 0pt;\"><span style=\"font-size: 12pt;\"><span style=\"font-family: verdana,geneva;\">\u00a0<\/span><\/span><\/p>\n<p class=\"MsoNormal\" style=\"text-align: justify; margin: 0cm 0cm 0pt;\"><span style=\"font-size: 12pt;\"><span style=\"font-family: verdana,geneva;\">A Fetracom-DF vai intensificar o trabalho de fiscaliza\u00e7\u00e3o para garantir os direitos do trabalhador. Caso a empresa n\u00e3o cumpra as determina\u00e7\u00f5es, o judici\u00e1rio ser\u00e1 acionado.<\/span><\/span><\/p>\n","protected":false},"excerpt":{"rendered":"<p>Ap\u00f3s v\u00e1rias tentativas de negocia\u00e7\u00e3o, a Fetracom-DF decidiu n\u00e3o firmar Acordo Coletivo de Trabalho com a empresa Tellus. As propostas apresentadas pela empresa foram consideradas desvantajosas, j\u00e1 que existe em vig\u00eancia, at\u00e9 2012, Conven\u00e7\u00e3o Coletiva de Trabalho que estabelece melhores condi\u00e7\u00f5es e sal\u00e1rios. \u00a0 Foi encaminhado \u00e0 empresa, no dia 10 de outubro, um of\u00edcio [&hellip;]<\/p>\n","protected":false},"author":2,"featured_media":0,"comment_status":"open","ping_status":"open","sticky":false,"template":"","format":"standard","meta":{"footnotes":""},"categories":[28],"tags":[],"class_list":{"0":"post-673","1":"post","2":"type-post","3":"status-publish","4":"format-standard","6":"category-luta-sindical"},"yoast_head":"<!-- This site is optimized with the Yoast SEO plugin v22.5 - https:\/\/yoast.com\/wordpress\/plugins\/seo\/ -->\n<title>Empresa Tellus tenta firmar acordo desvantajoso para o trabalhador - FETRACOM-DF<\/title>\n<meta name=\"robots\" content=\"index, follow, max-snippet:-1, max-image-preview:large, max-video-preview:-1\" \/>\n<link rel=\"canonical\" href=\"https:\/\/fetracomdf.com.br\/site\/empresa-tellus-tenta-firmar-acordo-desvantajoso-para-o-trabalhador\/\" \/>\n<meta property=\"og:locale\" content=\"pt_PT\" \/>\n<meta property=\"og:type\" content=\"article\" \/>\n<meta property=\"og:title\" content=\"Empresa Tellus tenta firmar acordo desvantajoso para o trabalhador - FETRACOM-DF\" \/>\n<meta property=\"og:description\" content=\"Ap\u00f3s v\u00e1rias tentativas de negocia\u00e7\u00e3o, a Fetracom-DF decidiu n\u00e3o firmar Acordo Coletivo de Trabalho com a empresa Tellus. As propostas apresentadas pela empresa foram consideradas desvantajosas, j\u00e1 que existe em vig\u00eancia, at\u00e9 2012, Conven\u00e7\u00e3o Coletiva de Trabalho que estabelece melhores condi\u00e7\u00f5es e sal\u00e1rios. \u00a0 Foi encaminhado \u00e0 empresa, no dia 10 de outubro, um of\u00edcio [&hellip;]\" \/>\n<meta property=\"og:url\" content=\"https:\/\/fetracomdf.com.br\/site\/empresa-tellus-tenta-firmar-acordo-desvantajoso-para-o-trabalhador\/\" \/>\n<meta property=\"og:site_name\" content=\"FETRACOM-DF\" \/>\n<meta property=\"article:published_time\" content=\"2011-11-08T11:21:33+00:00\" \/>\n<meta name=\"author\" content=\"FETRACOM-DF\" \/>\n<meta name=\"twitter:card\" content=\"summary_large_image\" \/>\n<meta name=\"twitter:label1\" content=\"Escrito por\" \/>\n\t<meta name=\"twitter:data1\" content=\"FETRACOM-DF\" \/>\n\t<meta name=\"twitter:label2\" content=\"Tempo estimado de leitura\" \/>\n\t<meta name=\"twitter:data2\" content=\"1 minuto\" \/>\n<script type=\"application\/ld+json\" class=\"yoast-schema-graph\">{\"@context\":\"https:\/\/schema.org\",\"@graph\":[{\"@type\":\"WebPage\",\"@id\":\"https:\/\/fetracomdf.com.br\/site\/empresa-tellus-tenta-firmar-acordo-desvantajoso-para-o-trabalhador\/\",\"url\":\"https:\/\/fetracomdf.com.br\/site\/empresa-tellus-tenta-firmar-acordo-desvantajoso-para-o-trabalhador\/\",\"name\":\"Empresa Tellus tenta firmar acordo desvantajoso para o trabalhador - FETRACOM-DF\",\"isPartOf\":{\"@id\":\"https:\/\/fetracomdf.com.br\/site\/#website\"},\"datePublished\":\"2011-11-08T11:21:33+00:00\",\"dateModified\":\"2011-11-08T11:21:33+00:00\",\"author\":{\"@id\":\"https:\/\/fetracomdf.com.br\/site\/#\/schema\/person\/35554dfeaf9961b61a56171f7b19309a\"},\"breadcrumb\":{\"@id\":\"https:\/\/fetracomdf.com.br\/site\/empresa-tellus-tenta-firmar-acordo-desvantajoso-para-o-trabalhador\/#breadcrumb\"},\"inLanguage\":\"pt-PT\",\"potentialAction\":[{\"@type\":\"ReadAction\",\"target\":[\"https:\/\/fetracomdf.com.br\/site\/empresa-tellus-tenta-firmar-acordo-desvantajoso-para-o-trabalhador\/\"]}]},{\"@type\":\"BreadcrumbList\",\"@id\":\"https:\/\/fetracomdf.com.br\/site\/empresa-tellus-tenta-firmar-acordo-desvantajoso-para-o-trabalhador\/#breadcrumb\",\"itemListElement\":[{\"@type\":\"ListItem\",\"position\":1,\"name\":\"In\u00edcio\",\"item\":\"https:\/\/fetracomdf.com.br\/site\/\"},{\"@type\":\"ListItem\",\"position\":2,\"name\":\"Empresa Tellus tenta firmar acordo desvantajoso para o trabalhador\"}]},{\"@type\":\"WebSite\",\"@id\":\"https:\/\/fetracomdf.com.br\/site\/#website\",\"url\":\"https:\/\/fetracomdf.com.br\/site\/\",\"name\":\"FETRACOM-DF\",\"description\":\"Federa\u00e7\u00e3o dos Trabalhadores no Com\u00e9rcio e Servi\u00e7os do DF\",\"potentialAction\":[{\"@type\":\"SearchAction\",\"target\":{\"@type\":\"EntryPoint\",\"urlTemplate\":\"https:\/\/fetracomdf.com.br\/site\/?s={search_term_string}\"},\"query-input\":\"required name=search_term_string\"}],\"inLanguage\":\"pt-PT\"},{\"@type\":\"Person\",\"@id\":\"https:\/\/fetracomdf.com.br\/site\/#\/schema\/person\/35554dfeaf9961b61a56171f7b19309a\",\"name\":\"FETRACOM-DF\",\"image\":{\"@type\":\"ImageObject\",\"inLanguage\":\"pt-PT\",\"@id\":\"https:\/\/fetracomdf.com.br\/site\/#\/schema\/person\/image\/\",\"url\":\"https:\/\/secure.gravatar.com\/avatar\/4a6f01e05b29b9a50f60d71d48947a25557f8f66dd2334bb41d707e1a794da71?s=96&d=mm&r=g\",\"contentUrl\":\"https:\/\/secure.gravatar.com\/avatar\/4a6f01e05b29b9a50f60d71d48947a25557f8f66dd2334bb41d707e1a794da71?s=96&d=mm&r=g\",\"caption\":\"FETRACOM-DF\"},\"url\":\"https:\/\/fetracomdf.com.br\/site\/author\/fetracom\/\"}]}<\/script>\n<!-- \/ Yoast SEO plugin. -->","yoast_head_json":{"title":"Empresa Tellus tenta firmar acordo desvantajoso para o trabalhador - FETRACOM-DF","robots":{"index":"index","follow":"follow","max-snippet":"max-snippet:-1","max-image-preview":"max-image-preview:large","max-video-preview":"max-video-preview:-1"},"canonical":"https:\/\/fetracomdf.com.br\/site\/empresa-tellus-tenta-firmar-acordo-desvantajoso-para-o-trabalhador\/","og_locale":"pt_PT","og_type":"article","og_title":"Empresa Tellus tenta firmar acordo desvantajoso para o trabalhador - FETRACOM-DF","og_description":"Ap\u00f3s v\u00e1rias tentativas de negocia\u00e7\u00e3o, a Fetracom-DF decidiu n\u00e3o firmar Acordo Coletivo de Trabalho com a empresa Tellus. As propostas apresentadas pela empresa foram consideradas desvantajosas, j\u00e1 que existe em vig\u00eancia, at\u00e9 2012, Conven\u00e7\u00e3o Coletiva de Trabalho que estabelece melhores condi\u00e7\u00f5es e sal\u00e1rios. \u00a0 Foi encaminhado \u00e0 empresa, no dia 10 de outubro, um of\u00edcio [&hellip;]","og_url":"https:\/\/fetracomdf.com.br\/site\/empresa-tellus-tenta-firmar-acordo-desvantajoso-para-o-trabalhador\/","og_site_name":"FETRACOM-DF","article_published_time":"2011-11-08T11:21:33+00:00","author":"FETRACOM-DF","twitter_card":"summary_large_image","twitter_misc":{"Escrito por":"FETRACOM-DF","Tempo estimado de leitura":"1 minuto"},"schema":{"@context":"https:\/\/schema.org","@graph":[{"@type":"WebPage","@id":"https:\/\/fetracomdf.com.br\/site\/empresa-tellus-tenta-firmar-acordo-desvantajoso-para-o-trabalhador\/","url":"https:\/\/fetracomdf.com.br\/site\/empresa-tellus-tenta-firmar-acordo-desvantajoso-para-o-trabalhador\/","name":"Empresa Tellus tenta firmar acordo desvantajoso para o trabalhador - FETRACOM-DF","isPartOf":{"@id":"https:\/\/fetracomdf.com.br\/site\/#website"},"datePublished":"2011-11-08T11:21:33+00:00","dateModified":"2011-11-08T11:21:33+00:00","author":{"@id":"https:\/\/fetracomdf.com.br\/site\/#\/schema\/person\/35554dfeaf9961b61a56171f7b19309a"},"breadcrumb":{"@id":"https:\/\/fetracomdf.com.br\/site\/empresa-tellus-tenta-firmar-acordo-desvantajoso-para-o-trabalhador\/#breadcrumb"},"inLanguage":"pt-PT","potentialAction":[{"@type":"ReadAction","target":["https:\/\/fetracomdf.com.br\/site\/empresa-tellus-tenta-firmar-acordo-desvantajoso-para-o-trabalhador\/"]}]},{"@type":"BreadcrumbList","@id":"https:\/\/fetracomdf.com.br\/site\/empresa-tellus-tenta-firmar-acordo-desvantajoso-para-o-trabalhador\/#breadcrumb","itemListElement":[{"@type":"ListItem","position":1,"name":"In\u00edcio","item":"https:\/\/fetracomdf.com.br\/site\/"},{"@type":"ListItem","position":2,"name":"Empresa Tellus tenta firmar acordo desvantajoso para o trabalhador"}]},{"@type":"WebSite","@id":"https:\/\/fetracomdf.com.br\/site\/#website","url":"https:\/\/fetracomdf.com.br\/site\/","name":"FETRACOM-DF","description":"Federa\u00e7\u00e3o dos Trabalhadores no Com\u00e9rcio e Servi\u00e7os do DF","potentialAction":[{"@type":"SearchAction","target":{"@type":"EntryPoint","urlTemplate":"https:\/\/fetracomdf.com.br\/site\/?s={search_term_string}"},"query-input":"required name=search_term_string"}],"inLanguage":"pt-PT"},{"@type":"Person","@id":"https:\/\/fetracomdf.com.br\/site\/#\/schema\/person\/35554dfeaf9961b61a56171f7b19309a","name":"FETRACOM-DF","image":{"@type":"ImageObject","inLanguage":"pt-PT","@id":"https:\/\/fetracomdf.com.br\/site\/#\/schema\/person\/image\/","url":"https:\/\/secure.gravatar.com\/avatar\/4a6f01e05b29b9a50f60d71d48947a25557f8f66dd2334bb41d707e1a794da71?s=96&d=mm&r=g","contentUrl":"https:\/\/secure.gravatar.com\/avatar\/4a6f01e05b29b9a50f60d71d48947a25557f8f66dd2334bb41d707e1a794da71?s=96&d=mm&r=g","caption":"FETRACOM-DF"},"url":"https:\/\/fetracomdf.com.br\/site\/author\/fetracom\/"}]}},"_links":{"self":[{"href":"https:\/\/fetracomdf.com.br\/site\/wp-json\/wp\/v2\/posts\/673","targetHints":{"allow":["GET"]}}],"collection":[{"href":"https:\/\/fetracomdf.com.br\/site\/wp-json\/wp\/v2\/posts"}],"about":[{"href":"https:\/\/fetracomdf.com.br\/site\/wp-json\/wp\/v2\/types\/post"}],"author":[{"embeddable":true,"href":"https:\/\/fetracomdf.com.br\/site\/wp-json\/wp\/v2\/users\/2"}],"replies":[{"embeddable":true,"href":"https:\/\/fetracomdf.com.br\/site\/wp-json\/wp\/v2\/comments?post=673"}],"version-history":[{"count":0,"href":"https:\/\/fetracomdf.com.br\/site\/wp-json\/wp\/v2\/posts\/673\/revisions"}],"wp:attachment":[{"href":"https:\/\/fetracomdf.com.br\/site\/wp-json\/wp\/v2\/media?parent=673"}],"wp:term":[{"taxonomy":"category","embeddable":true,"href":"https:\/\/fetracomdf.com.br\/site\/wp-json\/wp\/v2\/categories?post=673"},{"taxonomy":"post_tag","embeddable":true,"href":"https:\/\/fetracomdf.com.br\/site\/wp-json\/wp\/v2\/tags?post=673"}],"curies":[{"name":"wp","href":"https:\/\/api.w.org\/{rel}","templated":true}]}}