{"id":688,"date":"2011-05-23T11:42:50","date_gmt":"2011-05-23T11:42:50","guid":{"rendered":"http:\/\/fetracomdf.com.br\/site\/?p=688"},"modified":"2011-05-23T11:42:50","modified_gmt":"2011-05-23T11:42:50","slug":"instrutores-de-autoescolas-reivindicam-melhores-condicoes-de-trabalho","status":"publish","type":"post","link":"https:\/\/fetracomdf.com.br\/site\/instrutores-de-autoescolas-reivindicam-melhores-condicoes-de-trabalho\/","title":{"rendered":"Instrutores de autoescolas reivindicam melhores condi\u00e7\u00f5es de trabalho"},"content":{"rendered":"<p class=\"MsoNormal\" style=\"text-align: justify; line-height: 150%; margin: 0cm 0cm 10pt;\"><span style=\"line-height: 150%; font-family: \"><span style=\"font-family: verdana,geneva; font-size: small;\">Os instrutores e empregados em auto e moto escolas do Distrito Federal decidiram cruzar os bra&ccedil;os at&eacute; que sejam atendidas as melhorias nas condi&ccedil;&otilde;es de trabalho. <\/span><\/span><\/p>\n<p class=\"MsoNormal\" style=\"text-align: justify; line-height: 150%; margin: 0cm 0cm 10pt;\"><span style=\"line-height: 150%; font-family: \"><span style=\"font-family: verdana,geneva; font-size: small;\">A Fetracom-DF, que representa os trabalhadores no com&eacute;rcio e no setor de servi&ccedil;os do DF, tem intensificado o suporte &agrave; categoria. &ldquo;A Federa&ccedil;&atilde;o auxilia n&atilde;o s&oacute; financeiramente, mas tamb&eacute;m na hora de pressionar os patr&otilde;es, levando faixas, cartazes, e mobilizando o m&aacute;ximo de pessoas, o que &eacute; muito importante&rdquo;, disse Julimar de Oliveira, vice-presidente da Fetracom.<\/span><\/span><\/p>\n<p class=\"MsoNormal\" style=\"text-align: justify; line-height: 150%; margin: 0cm 0cm 10pt;\"><span style=\"line-height: 150%; font-family: \"><span style=\"font-family: verdana,geneva; font-size: small;\">A categoria reivindica a regulamenta&ccedil;&atilde;o do sal&aacute;rio atual de R$ 669 mais comiss&atilde;o por aula, cerca de R$ 1,5 mil por m&ecirc;s, por um sal&aacute;rio&nbsp; fixo de R$ 1,5 mil, al&eacute;m de t&iacute;quete-refei&ccedil;&atilde;o de R$ 12. Os instrutores tamb&eacute;m pedem a redu&ccedil;&atilde;o da jornada de trabalho para oito horas di&aacute;rias, j&aacute; que chegam a trabalhar de 12 a 16 horas por dia.<\/span><\/span><\/p>\n<p class=\"MsoNormal\" style=\"text-align: justify; line-height: 150%; margin: 0cm 0cm 10pt;\"><span style=\"line-height: 150%; font-family: \"><span style=\"font-family: verdana,geneva; font-size: small;\">Um dos problemas enfrentados pelos trabalhadores &eacute; a hesita&ccedil;&atilde;o da categoria patronal, que apresentou propostas e retirou em seguida, durante todas as negocia&ccedil;&otilde;es j&aacute; realizadas. Al&eacute;m disso, nenhuma delas foi oficializada at&eacute; o momento.<\/span><\/span><\/p>\n<p class=\"MsoNormal\" style=\"text-align: justify; line-height: 150%; margin: 0cm 0cm 10pt;\"><span style=\"line-height: 150%; font-family: \"><span style=\"font-family: verdana,geneva; font-size: small;\">Nesta ter&ccedil;a-feira, 24, mais uma manifesta&ccedil;&atilde;o ser&aacute; realizada para pressionar a categoria patronal. O encontro vai ocorrer no estacionamento do gin&aacute;sio Nilson Nelson, &agrave;s 17h. <\/span><\/span><\/p>\n<p class=\"MsoNormal\" style=\"text-align: justify; line-height: 150%; margin: 0cm 0cm 10pt;\"><span style=\"font-family: verdana,geneva;\"><span style=\"font-size: small;\"><span style=\"line-height: 150%; font-family: \">De acordo com o Sieame-DF, sindicato da categoria, a greve, que j&aacute; dura mais de dez dias, s&oacute; chegar&aacute; ao fim quando forem atendidas as reivindica&ccedil;&otilde;es dos trabalhadores.<\/span><\/span><\/span><\/p>\n<p><span style=\"font-family: verdana,geneva; font-size: small;\">&nbsp;<\/span><\/p>\n","protected":false},"excerpt":{"rendered":"<p>Os instrutores e empregados em auto e moto escolas do Distrito Federal decidiram cruzar os bra&ccedil;os at&eacute; que sejam atendidas as melhorias nas condi&ccedil;&otilde;es de trabalho. A Fetracom-DF, que representa os trabalhadores no com&eacute;rcio e no setor de servi&ccedil;os do DF, tem intensificado o suporte &agrave; categoria. &ldquo;A Federa&ccedil;&atilde;o auxilia n&atilde;o s&oacute; financeiramente, mas tamb&eacute;m [&hellip;]<\/p>\n","protected":false},"author":2,"featured_media":0,"comment_status":"open","ping_status":"open","sticky":false,"template":"","format":"standard","meta":{"footnotes":""},"categories":[28],"tags":[],"class_list":{"0":"post-688","1":"post","2":"type-post","3":"status-publish","4":"format-standard","6":"category-luta-sindical"},"yoast_head":"<!-- This site is optimized with the Yoast SEO plugin v22.5 - https:\/\/yoast.com\/wordpress\/plugins\/seo\/ -->\n<title>Instrutores de autoescolas reivindicam melhores condi\u00e7\u00f5es de trabalho - FETRACOM-DF<\/title>\n<meta name=\"robots\" content=\"index, follow, max-snippet:-1, max-image-preview:large, max-video-preview:-1\" \/>\n<link rel=\"canonical\" href=\"https:\/\/fetracomdf.com.br\/site\/instrutores-de-autoescolas-reivindicam-melhores-condicoes-de-trabalho\/\" \/>\n<meta property=\"og:locale\" content=\"pt_PT\" \/>\n<meta property=\"og:type\" content=\"article\" \/>\n<meta property=\"og:title\" content=\"Instrutores de autoescolas reivindicam melhores condi\u00e7\u00f5es de trabalho - FETRACOM-DF\" \/>\n<meta property=\"og:description\" content=\"Os instrutores e empregados em auto e moto escolas do Distrito Federal decidiram cruzar os bra&ccedil;os at&eacute; que sejam atendidas as melhorias nas condi&ccedil;&otilde;es de trabalho. A Fetracom-DF, que representa os trabalhadores no com&eacute;rcio e no setor de servi&ccedil;os do DF, tem intensificado o suporte &agrave; categoria. &ldquo;A Federa&ccedil;&atilde;o auxilia n&atilde;o s&oacute; financeiramente, mas tamb&eacute;m [&hellip;]\" \/>\n<meta property=\"og:url\" content=\"https:\/\/fetracomdf.com.br\/site\/instrutores-de-autoescolas-reivindicam-melhores-condicoes-de-trabalho\/\" \/>\n<meta property=\"og:site_name\" content=\"FETRACOM-DF\" \/>\n<meta property=\"article:published_time\" content=\"2011-05-23T11:42:50+00:00\" \/>\n<meta name=\"author\" content=\"FETRACOM-DF\" \/>\n<meta name=\"twitter:card\" content=\"summary_large_image\" \/>\n<meta name=\"twitter:label1\" content=\"Escrito por\" \/>\n\t<meta name=\"twitter:data1\" content=\"FETRACOM-DF\" \/>\n\t<meta name=\"twitter:label2\" content=\"Tempo estimado de leitura\" \/>\n\t<meta name=\"twitter:data2\" content=\"2 minutos\" \/>\n<script type=\"application\/ld+json\" class=\"yoast-schema-graph\">{\"@context\":\"https:\/\/schema.org\",\"@graph\":[{\"@type\":\"WebPage\",\"@id\":\"https:\/\/fetracomdf.com.br\/site\/instrutores-de-autoescolas-reivindicam-melhores-condicoes-de-trabalho\/\",\"url\":\"https:\/\/fetracomdf.com.br\/site\/instrutores-de-autoescolas-reivindicam-melhores-condicoes-de-trabalho\/\",\"name\":\"Instrutores de autoescolas reivindicam melhores condi\u00e7\u00f5es de trabalho - FETRACOM-DF\",\"isPartOf\":{\"@id\":\"https:\/\/fetracomdf.com.br\/site\/#website\"},\"datePublished\":\"2011-05-23T11:42:50+00:00\",\"dateModified\":\"2011-05-23T11:42:50+00:00\",\"author\":{\"@id\":\"https:\/\/fetracomdf.com.br\/site\/#\/schema\/person\/35554dfeaf9961b61a56171f7b19309a\"},\"breadcrumb\":{\"@id\":\"https:\/\/fetracomdf.com.br\/site\/instrutores-de-autoescolas-reivindicam-melhores-condicoes-de-trabalho\/#breadcrumb\"},\"inLanguage\":\"pt-PT\",\"potentialAction\":[{\"@type\":\"ReadAction\",\"target\":[\"https:\/\/fetracomdf.com.br\/site\/instrutores-de-autoescolas-reivindicam-melhores-condicoes-de-trabalho\/\"]}]},{\"@type\":\"BreadcrumbList\",\"@id\":\"https:\/\/fetracomdf.com.br\/site\/instrutores-de-autoescolas-reivindicam-melhores-condicoes-de-trabalho\/#breadcrumb\",\"itemListElement\":[{\"@type\":\"ListItem\",\"position\":1,\"name\":\"In\u00edcio\",\"item\":\"https:\/\/fetracomdf.com.br\/site\/\"},{\"@type\":\"ListItem\",\"position\":2,\"name\":\"Instrutores de autoescolas reivindicam melhores condi\u00e7\u00f5es de trabalho\"}]},{\"@type\":\"WebSite\",\"@id\":\"https:\/\/fetracomdf.com.br\/site\/#website\",\"url\":\"https:\/\/fetracomdf.com.br\/site\/\",\"name\":\"FETRACOM-DF\",\"description\":\"Federa\u00e7\u00e3o dos Trabalhadores no Com\u00e9rcio e Servi\u00e7os do DF\",\"potentialAction\":[{\"@type\":\"SearchAction\",\"target\":{\"@type\":\"EntryPoint\",\"urlTemplate\":\"https:\/\/fetracomdf.com.br\/site\/?s={search_term_string}\"},\"query-input\":\"required name=search_term_string\"}],\"inLanguage\":\"pt-PT\"},{\"@type\":\"Person\",\"@id\":\"https:\/\/fetracomdf.com.br\/site\/#\/schema\/person\/35554dfeaf9961b61a56171f7b19309a\",\"name\":\"FETRACOM-DF\",\"image\":{\"@type\":\"ImageObject\",\"inLanguage\":\"pt-PT\",\"@id\":\"https:\/\/fetracomdf.com.br\/site\/#\/schema\/person\/image\/\",\"url\":\"https:\/\/secure.gravatar.com\/avatar\/4a6f01e05b29b9a50f60d71d48947a25557f8f66dd2334bb41d707e1a794da71?s=96&d=mm&r=g\",\"contentUrl\":\"https:\/\/secure.gravatar.com\/avatar\/4a6f01e05b29b9a50f60d71d48947a25557f8f66dd2334bb41d707e1a794da71?s=96&d=mm&r=g\",\"caption\":\"FETRACOM-DF\"},\"url\":\"https:\/\/fetracomdf.com.br\/site\/author\/fetracom\/\"}]}<\/script>\n<!-- \/ Yoast SEO plugin. -->","yoast_head_json":{"title":"Instrutores de autoescolas reivindicam melhores condi\u00e7\u00f5es de trabalho - FETRACOM-DF","robots":{"index":"index","follow":"follow","max-snippet":"max-snippet:-1","max-image-preview":"max-image-preview:large","max-video-preview":"max-video-preview:-1"},"canonical":"https:\/\/fetracomdf.com.br\/site\/instrutores-de-autoescolas-reivindicam-melhores-condicoes-de-trabalho\/","og_locale":"pt_PT","og_type":"article","og_title":"Instrutores de autoescolas reivindicam melhores condi\u00e7\u00f5es de trabalho - FETRACOM-DF","og_description":"Os instrutores e empregados em auto e moto escolas do Distrito Federal decidiram cruzar os bra&ccedil;os at&eacute; que sejam atendidas as melhorias nas condi&ccedil;&otilde;es de trabalho. A Fetracom-DF, que representa os trabalhadores no com&eacute;rcio e no setor de servi&ccedil;os do DF, tem intensificado o suporte &agrave; categoria. &ldquo;A Federa&ccedil;&atilde;o auxilia n&atilde;o s&oacute; financeiramente, mas tamb&eacute;m [&hellip;]","og_url":"https:\/\/fetracomdf.com.br\/site\/instrutores-de-autoescolas-reivindicam-melhores-condicoes-de-trabalho\/","og_site_name":"FETRACOM-DF","article_published_time":"2011-05-23T11:42:50+00:00","author":"FETRACOM-DF","twitter_card":"summary_large_image","twitter_misc":{"Escrito por":"FETRACOM-DF","Tempo estimado de leitura":"2 minutos"},"schema":{"@context":"https:\/\/schema.org","@graph":[{"@type":"WebPage","@id":"https:\/\/fetracomdf.com.br\/site\/instrutores-de-autoescolas-reivindicam-melhores-condicoes-de-trabalho\/","url":"https:\/\/fetracomdf.com.br\/site\/instrutores-de-autoescolas-reivindicam-melhores-condicoes-de-trabalho\/","name":"Instrutores de autoescolas reivindicam melhores condi\u00e7\u00f5es de trabalho - FETRACOM-DF","isPartOf":{"@id":"https:\/\/fetracomdf.com.br\/site\/#website"},"datePublished":"2011-05-23T11:42:50+00:00","dateModified":"2011-05-23T11:42:50+00:00","author":{"@id":"https:\/\/fetracomdf.com.br\/site\/#\/schema\/person\/35554dfeaf9961b61a56171f7b19309a"},"breadcrumb":{"@id":"https:\/\/fetracomdf.com.br\/site\/instrutores-de-autoescolas-reivindicam-melhores-condicoes-de-trabalho\/#breadcrumb"},"inLanguage":"pt-PT","potentialAction":[{"@type":"ReadAction","target":["https:\/\/fetracomdf.com.br\/site\/instrutores-de-autoescolas-reivindicam-melhores-condicoes-de-trabalho\/"]}]},{"@type":"BreadcrumbList","@id":"https:\/\/fetracomdf.com.br\/site\/instrutores-de-autoescolas-reivindicam-melhores-condicoes-de-trabalho\/#breadcrumb","itemListElement":[{"@type":"ListItem","position":1,"name":"In\u00edcio","item":"https:\/\/fetracomdf.com.br\/site\/"},{"@type":"ListItem","position":2,"name":"Instrutores de autoescolas reivindicam melhores condi\u00e7\u00f5es de trabalho"}]},{"@type":"WebSite","@id":"https:\/\/fetracomdf.com.br\/site\/#website","url":"https:\/\/fetracomdf.com.br\/site\/","name":"FETRACOM-DF","description":"Federa\u00e7\u00e3o dos Trabalhadores no Com\u00e9rcio e Servi\u00e7os do DF","potentialAction":[{"@type":"SearchAction","target":{"@type":"EntryPoint","urlTemplate":"https:\/\/fetracomdf.com.br\/site\/?s={search_term_string}"},"query-input":"required name=search_term_string"}],"inLanguage":"pt-PT"},{"@type":"Person","@id":"https:\/\/fetracomdf.com.br\/site\/#\/schema\/person\/35554dfeaf9961b61a56171f7b19309a","name":"FETRACOM-DF","image":{"@type":"ImageObject","inLanguage":"pt-PT","@id":"https:\/\/fetracomdf.com.br\/site\/#\/schema\/person\/image\/","url":"https:\/\/secure.gravatar.com\/avatar\/4a6f01e05b29b9a50f60d71d48947a25557f8f66dd2334bb41d707e1a794da71?s=96&d=mm&r=g","contentUrl":"https:\/\/secure.gravatar.com\/avatar\/4a6f01e05b29b9a50f60d71d48947a25557f8f66dd2334bb41d707e1a794da71?s=96&d=mm&r=g","caption":"FETRACOM-DF"},"url":"https:\/\/fetracomdf.com.br\/site\/author\/fetracom\/"}]}},"_links":{"self":[{"href":"https:\/\/fetracomdf.com.br\/site\/wp-json\/wp\/v2\/posts\/688","targetHints":{"allow":["GET"]}}],"collection":[{"href":"https:\/\/fetracomdf.com.br\/site\/wp-json\/wp\/v2\/posts"}],"about":[{"href":"https:\/\/fetracomdf.com.br\/site\/wp-json\/wp\/v2\/types\/post"}],"author":[{"embeddable":true,"href":"https:\/\/fetracomdf.com.br\/site\/wp-json\/wp\/v2\/users\/2"}],"replies":[{"embeddable":true,"href":"https:\/\/fetracomdf.com.br\/site\/wp-json\/wp\/v2\/comments?post=688"}],"version-history":[{"count":0,"href":"https:\/\/fetracomdf.com.br\/site\/wp-json\/wp\/v2\/posts\/688\/revisions"}],"wp:attachment":[{"href":"https:\/\/fetracomdf.com.br\/site\/wp-json\/wp\/v2\/media?parent=688"}],"wp:term":[{"taxonomy":"category","embeddable":true,"href":"https:\/\/fetracomdf.com.br\/site\/wp-json\/wp\/v2\/categories?post=688"},{"taxonomy":"post_tag","embeddable":true,"href":"https:\/\/fetracomdf.com.br\/site\/wp-json\/wp\/v2\/tags?post=688"}],"curies":[{"name":"wp","href":"https:\/\/api.w.org\/{rel}","templated":true}]}}